{"id":12147,"date":"2019-07-28T16:14:25","date_gmt":"2019-07-28T14:14:25","guid":{"rendered":"http:\/\/lesmaconsdelacreuse.fr\/annuaire\/?p=12147"},"modified":"2020-01-20T11:23:39","modified_gmt":"2020-01-20T10:23:39","slug":"t_369","status":"publish","type":"post","link":"https:\/\/www.lesmaconsdelacreuse.fr\/annuaires\/lettre-t\/t_369\/","title":{"rendered":"TRAYAUD J\u00e9r\u00f4me (1863-apr\u00e8s 1909)"},"content":{"rendered":"<p class=\"last-updated\"><strong>Mis \u00e0 jour le :<\/strong> 28\/04\/2026<\/p><h2 style=\"text-align: center;\"><strong>J\u00e9r\u00f4me TRAYAUD<\/strong><\/h2>\n<p style=\"text-align: center;\"><strong>1863 \u2013 apr\u00e8s 1909<\/strong><\/p>\n<h4 style=\"text-align: center;\"><span style=\"color: #008000;\"><strong>ma\u00e7on<\/strong><\/span><\/h4>\n<p style=\"text-align: center;\">n\u00e9 \u00e0 La Seauve (Saint-Martin-Ch\u00e2teau)<\/p>\n<p style=\"text-align: center;\">le 6 ao\u00fbt 1863<\/p>\n<p style=\"text-align: center;\">fils de<\/p>\n<p style=\"text-align: center;\">L\u00e9onard TRAYAUD, <span style=\"color: #008000;\"><strong>ma\u00e7on<\/strong><\/span><\/p>\n<p style=\"text-align: center;\">Marguerite SABAILLAT, cultivatrice<\/p>\n<p style=\"text-align: center;\"><span style=\"color: #ffffff;\">\u25d9<\/span><\/p>\n<p><strong>En 1888<\/strong><em>, J\u00e9r\u00f4me travaille \u00e0 <\/em><span style=\"color: #0000ff;\"><strong>Lyon (69)<\/strong><\/span><em> et loge 79, rue Bonnel. <\/em><\/p>\n<p><strong>En 1889<\/strong><em>, il est \u00e0 <\/em><span style=\"color: #0000ff;\"><strong>Saint-Symphorien (69)<\/strong><\/span><em>.<\/em><\/p>\n<p><em>De retour \u00e0 Lyon\u00a0:<\/em><\/p>\n<p><strong>en 1891<\/strong><em>, il est 27, rue Cr\u00e9qui; <\/em><\/p>\n<p><strong>en 1892<\/strong><em>, 25, cours Henri.<\/em><\/p>\n<p><strong>En 1898<\/strong><em>, il est \u00e0 <\/em><span style=\"color: #0000ff;\"><strong>Communay (69)<\/strong><\/span><em>. <\/em><\/p>\n","protected":false},"excerpt":{"rendered":"<p>Mis \u00e0 jour le : 28\/04\/2026J\u00e9r\u00f4me TRAYAUD 1863 \u2013 apr\u00e8s 1909 ma\u00e7on n\u00e9 \u00e0 La Seauve (Saint-Martin-Ch\u00e2teau) le 6 ao\u00fbt 1863 fils de L\u00e9onard TRAYAUD, ma\u00e7on Marguerite SABAILLAT, cultivatrice \u25d9 En 1888, J\u00e9r\u00f4me travaille \u00e0 Lyon (69) et loge 79, rue Bonnel. En 1889, il est \u00e0 Saint-Symphorien (69). De retour \u00e0 Lyon\u00a0: en 1891, ..<\/p>\n<div class=\"clear-fix\"><\/div>\n<p><a href=\"https:\/\/www.lesmaconsdelacreuse.fr\/annuaires\/lettre-t\/t_369\/\" title=\"Lire la suite...\">Lire la suite<\/a><\/p>\n","protected":false},"author":2,"featured_media":0,"comment_status":"closed","ping_status":"closed","sticky":false,"template":"","format":"standard","meta":{"_acf_changed":false,"_exactmetrics_skip_tracking":false,"_exactmetrics_sitenote_active":false,"_exactmetrics_sitenote_note":"","_exactmetrics_sitenote_category":0,"footnotes":""},"categories":[13],"tags":[],"class_list":["post-12147","post","type-post","status-publish","format-standard","hentry","category-lettre-t"],"acf":[],"_links":{"self":[{"href":"https:\/\/www.lesmaconsdelacreuse.fr\/annuaires\/wp-json\/wp\/v2\/posts\/12147","targetHints":{"allow":["GET"]}}],"collection":[{"href":"https:\/\/www.lesmaconsdelacreuse.fr\/annuaires\/wp-json\/wp\/v2\/posts"}],"about":[{"href":"https:\/\/www.lesmaconsdelacreuse.fr\/annuaires\/wp-json\/wp\/v2\/types\/post"}],"author":[{"embeddable":true,"href":"https:\/\/www.lesmaconsdelacreuse.fr\/annuaires\/wp-json\/wp\/v2\/users\/2"}],"replies":[{"embeddable":true,"href":"https:\/\/www.lesmaconsdelacreuse.fr\/annuaires\/wp-json\/wp\/v2\/comments?post=12147"}],"version-history":[{"count":0,"href":"https:\/\/www.lesmaconsdelacreuse.fr\/annuaires\/wp-json\/wp\/v2\/posts\/12147\/revisions"}],"wp:attachment":[{"href":"https:\/\/www.lesmaconsdelacreuse.fr\/annuaires\/wp-json\/wp\/v2\/media?parent=12147"}],"wp:term":[{"taxonomy":"category","embeddable":true,"href":"https:\/\/www.lesmaconsdelacreuse.fr\/annuaires\/wp-json\/wp\/v2\/categories?post=12147"},{"taxonomy":"post_tag","embeddable":true,"href":"https:\/\/www.lesmaconsdelacreuse.fr\/annuaires\/wp-json\/wp\/v2\/tags?post=12147"}],"curies":[{"name":"wp","href":"https:\/\/api.w.org\/{rel}","templated":true}]}}