{"id":12152,"date":"2019-07-28T16:14:24","date_gmt":"2019-07-28T14:14:24","guid":{"rendered":"http:\/\/lesmaconsdelacreuse.fr\/annuaire\/?p=12152"},"modified":"2020-01-20T11:23:41","modified_gmt":"2020-01-20T10:23:41","slug":"t_392","status":"publish","type":"post","link":"https:\/\/www.lesmaconsdelacreuse.fr\/annuaires\/lettre-t\/t_392\/","title":{"rendered":"TROISI\u00c8ME  Antoine (1842-1903)"},"content":{"rendered":"<p class=\"last-updated\"><strong>Mis \u00e0 jour le :<\/strong> 29\/04\/2026<\/p><h2 style=\"text-align: center;\"><strong>Antoine TROISI\u00c8ME<\/strong><\/h2>\n<p style=\"text-align: center;\"><strong>1842 \u2013 1903<\/strong><\/p>\n<p style=\"text-align: center;\"><img decoding=\"async\" title=\"\" src=\"https:\/\/lesmaconsdelacreuse.fr\/annuaire\/wp-content\/uploads\/2019\/07\/image1-2855.jpg\" alt=\"\" data-asset-id=\"12150\" data-source-id=\"i.0\" \/><\/p>\n<h4 style=\"text-align: center;\"><span style=\"color: #008000;\"><strong>couvreur <\/strong>et <strong>ma\u00e7on<\/strong>; <strong>cultivateur<\/strong><\/span><\/h4>\n<p style=\"text-align: center;\">n\u00e9 \u00e0 Aurioux (Saint-Pierre-le-Bost)<\/p>\n<p style=\"text-align: center;\">le 22 septembre 1842<\/p>\n<p style=\"text-align: center;\">fils de<\/p>\n<p style=\"text-align: center;\">L\u00e9onard TROISI\u00c8ME, <span style=\"color: #008000;\"><strong>ma\u00e7on<\/strong><\/span><\/p>\n<p style=\"text-align: center;\">Marie CHAMPEAUX, cultivatrice<\/p>\n<p style=\"text-align: center;\"><span style=\"color: #ffffff;\">\u25d9<\/span><\/p>\n<p><strong>En 1863<\/strong><em>, Antoine est dispens\u00e9 de service militaire comme fils a\u00een\u00e9 de veuve.<\/em><\/p>\n<p><em>Il \u00e9pouse Marie Th\u00e9r\u00e8se <\/em><strong>THAURY<\/strong><em> le 12 mars <\/em><strong>1866<\/strong><em> \u00e0 Vidaillat\u00a0 (contrat Gloumeau au Monteil-au-Vicomte). <\/em><\/p>\n<p><em>Le couple vit \u00e0 Aurioux o\u00f9 Marie Th\u00e9r\u00e8se d\u00e9c\u00e8de, sans enfant, le 23 mai <\/em><strong>1867<\/strong><em>, \u00e2g\u00e9e de 22 ans. <\/em><\/p>\n<p><em>Antoine \u00e9pouse Marie <\/em><strong>MONTLARON<\/strong><em>, tisserande, le 30 avril <\/em><strong>1878<\/strong><em> \u00e0 Saint-Pierre (contrat Laville au Monteil-au-Vicomte). Ils vivent aussi \u00e0 Aurioux. <\/em><\/p>\n<p><em>Ils y d\u00e9c\u00e8dent\u00a0:<\/em><\/p>\n<ul>\n<li><em>Antoine, le 20 novembre <\/em><strong>1903<\/strong><em>, \u00e2g\u00e9 de 61 ans<\/em><\/li>\n<li><em>Marie, le 8 d\u00e9cembre <\/em><strong>1940<\/strong><em>, \u00e2g\u00e9e de 90 ans<\/em><\/li>\n<\/ul>\n<p><strong>\u00a0<\/strong><\/p>\n","protected":false},"excerpt":{"rendered":"<p>Mis \u00e0 jour le : 29\/04\/2026Antoine TROISI\u00c8ME 1842 \u2013 1903 couvreur et ma\u00e7on; cultivateur n\u00e9 \u00e0 Aurioux (Saint-Pierre-le-Bost) le 22 septembre 1842 fils de L\u00e9onard TROISI\u00c8ME, ma\u00e7on Marie CHAMPEAUX, cultivatrice \u25d9 En 1863, Antoine est dispens\u00e9 de service militaire comme fils a\u00een\u00e9 de veuve. Il \u00e9pouse Marie Th\u00e9r\u00e8se THAURY le 12 mars 1866 \u00e0 Vidaillat\u00a0 ..<\/p>\n<div class=\"clear-fix\"><\/div>\n<p><a href=\"https:\/\/www.lesmaconsdelacreuse.fr\/annuaires\/lettre-t\/t_392\/\" title=\"Lire la suite...\">Lire la suite<\/a><\/p>\n","protected":false},"author":2,"featured_media":0,"comment_status":"closed","ping_status":"closed","sticky":false,"template":"","format":"standard","meta":{"_acf_changed":false,"_exactmetrics_skip_tracking":false,"_exactmetrics_sitenote_active":false,"_exactmetrics_sitenote_note":"","_exactmetrics_sitenote_category":0,"footnotes":""},"categories":[13],"tags":[],"class_list":["post-12152","post","type-post","status-publish","format-standard","hentry","category-lettre-t"],"acf":[],"_links":{"self":[{"href":"https:\/\/www.lesmaconsdelacreuse.fr\/annuaires\/wp-json\/wp\/v2\/posts\/12152","targetHints":{"allow":["GET"]}}],"collection":[{"href":"https:\/\/www.lesmaconsdelacreuse.fr\/annuaires\/wp-json\/wp\/v2\/posts"}],"about":[{"href":"https:\/\/www.lesmaconsdelacreuse.fr\/annuaires\/wp-json\/wp\/v2\/types\/post"}],"author":[{"embeddable":true,"href":"https:\/\/www.lesmaconsdelacreuse.fr\/annuaires\/wp-json\/wp\/v2\/users\/2"}],"replies":[{"embeddable":true,"href":"https:\/\/www.lesmaconsdelacreuse.fr\/annuaires\/wp-json\/wp\/v2\/comments?post=12152"}],"version-history":[{"count":0,"href":"https:\/\/www.lesmaconsdelacreuse.fr\/annuaires\/wp-json\/wp\/v2\/posts\/12152\/revisions"}],"wp:attachment":[{"href":"https:\/\/www.lesmaconsdelacreuse.fr\/annuaires\/wp-json\/wp\/v2\/media?parent=12152"}],"wp:term":[{"taxonomy":"category","embeddable":true,"href":"https:\/\/www.lesmaconsdelacreuse.fr\/annuaires\/wp-json\/wp\/v2\/categories?post=12152"},{"taxonomy":"post_tag","embeddable":true,"href":"https:\/\/www.lesmaconsdelacreuse.fr\/annuaires\/wp-json\/wp\/v2\/tags?post=12152"}],"curies":[{"name":"wp","href":"https:\/\/api.w.org\/{rel}","templated":true}]}}