{"id":12164,"date":"2019-07-28T16:14:24","date_gmt":"2019-07-28T14:14:24","guid":{"rendered":"http:\/\/lesmaconsdelacreuse.fr\/annuaire\/?p=12164"},"modified":"2020-10-03T08:36:26","modified_gmt":"2020-10-03T06:36:26","slug":"t_331","status":"publish","type":"post","link":"https:\/\/www.lesmaconsdelacreuse.fr\/annuaires\/lettre-t\/t_331\/","title":{"rendered":"TOUNY L\u00e9onard (1853-1938)"},"content":{"rendered":"<p class=\"last-updated\"><strong>Mis \u00e0 jour le :<\/strong> 28\/04\/2026<\/p><h2 style=\"text-align: center;\"><strong>L\u00e9onard TOUNY<\/strong><\/h2>\n<p style=\"text-align: center;\"><strong>1853 \u2013 1938<\/strong><\/p>\n<p style=\"text-align: center;\"><img decoding=\"async\" title=\"\" src=\"https:\/\/lesmaconsdelacreuse.fr\/annuaire\/wp-content\/uploads\/2019\/07\/image1-2861.jpg\" alt=\"\" data-asset-id=\"12159\" data-source-id=\"i.0\" \/><\/p>\n<h4 style=\"text-align: center;\"><span style=\"color: #008000;\"><strong>ma\u00e7on <\/strong>puis<strong> ma\u00eetre d\u2019h\u00f4tel<\/strong><\/span><\/h4>\n<p>&nbsp;<\/p>\n<p style=\"text-align: center;\">n\u00e9 \u00e0 Vergnolas (Roy\u00e8re)<\/p>\n<p style=\"text-align: center;\">le 21 octobre 1853, <em>selon \u25ba<a href=\"https:\/\/www.lesmaconsdelacreuse.fr\/annuaires\/wp-content\/uploads\/2019\/08\/ACTE-DE-NOTORI\u00c9T\u00c9.png\" target=\"_blank\" rel=\"noopener noreferrer\">acte de notori\u00e9t\u00e9<\/a><br \/>\n<\/em><\/p>\n<p style=\"text-align: center;\">fils de<\/p>\n<p style=\"text-align: center;\">Jean TOUNY,<span style=\"color: #008000;\"> <strong>ma\u00e7on<\/strong><\/span><\/p>\n<p style=\"text-align: center;\">Jeanne BELLARBRE, cultivatrice<\/p>\n<p style=\"text-align: center;\"><span style=\"color: #ffffff;\">\u25d9<\/span><\/p>\n<p><strong>En 1874<\/strong><em>, L\u00e9onard, <\/em><span style=\"color: #008000;\"><strong>ma\u00e7on<\/strong><\/span><em>, est dispens\u00e9 de service actif, et vers\u00e9 dans le service auxiliaire pour d\u00e9faut de taille (1m52).<\/em><\/p>\n<p><em>Il r\u00e9side un temps \u00e0 <\/em><span style=\"color: #0000ff;\"><strong>Caluire (69)<\/strong><\/span><em>, 6, Mont\u00e9e de l\u2019\u00c9glise.<\/em><\/p>\n<p><em> Il \u00e9pouse Clotilde <\/em><strong>TARNAUD<\/strong><em> le 23 f\u00e9vrier <\/em><strong>1884<\/strong><em> \u00e0 Roy\u00e8re (contrat Toumieux). Ils vivent \u00e0 Vergnolas. <\/em><\/p>\n<p><em>Plus tard, L\u00e9onard est <\/em><span style=\"color: #008000;\"><strong>ma\u00eetre d\u2019h\u00f4tel<\/strong><\/span><em> \u00e0 Roy\u00e8re.<\/em><\/p>\n<p><em> Il y d\u00e9c\u00e8de rentier le 7 avril <\/em><strong>1938<\/strong><em>, \u00e2g\u00e9 de 84 ans. <\/em><\/p>\n<p>&nbsp;<\/p>\n","protected":false},"excerpt":{"rendered":"<p>Mis \u00e0 jour le : 28\/04\/2026L\u00e9onard TOUNY 1853 \u2013 1938 ma\u00e7on puis ma\u00eetre d\u2019h\u00f4tel &nbsp; n\u00e9 \u00e0 Vergnolas (Roy\u00e8re) le 21 octobre 1853, selon \u25baacte de notori\u00e9t\u00e9 fils de Jean TOUNY, ma\u00e7on Jeanne BELLARBRE, cultivatrice \u25d9 En 1874, L\u00e9onard, ma\u00e7on, est dispens\u00e9 de service actif, et vers\u00e9 dans le service auxiliaire pour d\u00e9faut de taille ..<\/p>\n<div class=\"clear-fix\"><\/div>\n<p><a href=\"https:\/\/www.lesmaconsdelacreuse.fr\/annuaires\/lettre-t\/t_331\/\" title=\"Lire la suite...\">Lire la suite<\/a><\/p>\n","protected":false},"author":2,"featured_media":0,"comment_status":"closed","ping_status":"closed","sticky":false,"template":"","format":"standard","meta":{"_acf_changed":false,"_exactmetrics_skip_tracking":false,"_exactmetrics_sitenote_active":false,"_exactmetrics_sitenote_note":"","_exactmetrics_sitenote_category":0,"footnotes":""},"categories":[13],"tags":[],"class_list":["post-12164","post","type-post","status-publish","format-standard","hentry","category-lettre-t"],"acf":[],"_links":{"self":[{"href":"https:\/\/www.lesmaconsdelacreuse.fr\/annuaires\/wp-json\/wp\/v2\/posts\/12164","targetHints":{"allow":["GET"]}}],"collection":[{"href":"https:\/\/www.lesmaconsdelacreuse.fr\/annuaires\/wp-json\/wp\/v2\/posts"}],"about":[{"href":"https:\/\/www.lesmaconsdelacreuse.fr\/annuaires\/wp-json\/wp\/v2\/types\/post"}],"author":[{"embeddable":true,"href":"https:\/\/www.lesmaconsdelacreuse.fr\/annuaires\/wp-json\/wp\/v2\/users\/2"}],"replies":[{"embeddable":true,"href":"https:\/\/www.lesmaconsdelacreuse.fr\/annuaires\/wp-json\/wp\/v2\/comments?post=12164"}],"version-history":[{"count":0,"href":"https:\/\/www.lesmaconsdelacreuse.fr\/annuaires\/wp-json\/wp\/v2\/posts\/12164\/revisions"}],"wp:attachment":[{"href":"https:\/\/www.lesmaconsdelacreuse.fr\/annuaires\/wp-json\/wp\/v2\/media?parent=12164"}],"wp:term":[{"taxonomy":"category","embeddable":true,"href":"https:\/\/www.lesmaconsdelacreuse.fr\/annuaires\/wp-json\/wp\/v2\/categories?post=12164"},{"taxonomy":"post_tag","embeddable":true,"href":"https:\/\/www.lesmaconsdelacreuse.fr\/annuaires\/wp-json\/wp\/v2\/tags?post=12164"}],"curies":[{"name":"wp","href":"https:\/\/api.w.org\/{rel}","templated":true}]}}