{"id":12167,"date":"2019-07-28T16:14:23","date_gmt":"2019-07-28T14:14:23","guid":{"rendered":"http:\/\/lesmaconsdelacreuse.fr\/annuaire\/?p=12167"},"modified":"2023-01-04T14:09:08","modified_gmt":"2023-01-04T13:09:08","slug":"t_346","status":"publish","type":"post","link":"https:\/\/www.lesmaconsdelacreuse.fr\/annuaires\/lettre-t\/t_346\/","title":{"rendered":"TOURTOULLOUX Pierre (1694-1749)"},"content":{"rendered":"<p class=\"last-updated\"><strong>Mis \u00e0 jour le :<\/strong> 29\/04\/2026<\/p><h2 style=\"text-align: center;\"><strong>Pierre TOURTOULLOUX<\/strong><\/h2>\n<p style=\"text-align: center;\"><strong>1694 &#8211; 1749<\/strong><\/p>\n<p style=\"text-align: center;\"><img decoding=\"async\" title=\"\" src=\"https:\/\/lesmaconsdelacreuse.fr\/annuaire\/wp-content\/uploads\/2019\/07\/image1-2863.jpg\" alt=\"\" data-asset-id=\"12166\" data-source-id=\"i.0\" \/><\/p>\n<h4 style=\"text-align: center;\"><span style=\"color: #008000;\"><strong>ma\u00e7on <\/strong>et<strong> laboureur<\/strong><\/span><\/h4>\n<p>&nbsp;<\/p>\n<p style=\"text-align: center;\">n\u00e9 \u00e0 Roudersas (Roy\u00e8re)<\/p>\n<p style=\"text-align: center;\">le 3 avril 1694<\/p>\n<p style=\"text-align: center;\">fils de<\/p>\n<p style=\"text-align: center;\">L\u00e9onard TOURTOULLOUX \/ Catherine BEAUVAIS<\/p>\n<p style=\"text-align: center;\">laboureurs et \u25ba<a href=\"https:\/\/www.lesmaconsdelacreuse.fr\/annuaires\/wp-content\/uploads\/2020\/08\/FERMIER-M\u00c9TAYER.png\" target=\"_blank\" rel=\"noopener noreferrer\"><span style=\"color: #000000;\">m\u00e9tayers<\/span><\/a><\/p>\n<p style=\"text-align: center;\"><span style=\"color: #ffffff;\">\u25d9<\/span><\/p>\n<p><em>Pierre \u00e9pouse L\u00e9onarde <\/em><strong>CHABROUTY<\/strong><em> le 5 f\u00e9vrier <\/em><strong>1715<\/strong><em> \u00e0 Roy\u00e8re.<\/em><\/p>\n<p><em> Ils habitent Roudersas.<\/em><\/p>\n<p><em>Ils y d\u00e9c\u00e8dent\u00a0:<\/em><\/p>\n<ul>\n<li><em>Pierre, le 5 avril <\/em><strong>1749<\/strong><em>, \u00e2g\u00e9 de 55 ans<\/em><\/li>\n<li><em>L\u00e9onarde, le 30 mai <\/em><strong>1753<\/strong><em>, \u00e2g\u00e9e de 57 ans<\/em><\/li>\n<\/ul>\n<p>S17<\/p>\n<p>&nbsp;<\/p>\n","protected":false},"excerpt":{"rendered":"<p>Mis \u00e0 jour le : 29\/04\/2026Pierre TOURTOULLOUX 1694 &#8211; 1749 ma\u00e7on et laboureur &nbsp; n\u00e9 \u00e0 Roudersas (Roy\u00e8re) le 3 avril 1694 fils de L\u00e9onard TOURTOULLOUX \/ Catherine BEAUVAIS laboureurs et \u25bam\u00e9tayers \u25d9 Pierre \u00e9pouse L\u00e9onarde CHABROUTY le 5 f\u00e9vrier 1715 \u00e0 Roy\u00e8re. Ils habitent Roudersas. Ils y d\u00e9c\u00e8dent\u00a0: Pierre, le 5 avril 1749, \u00e2g\u00e9 ..<\/p>\n<div class=\"clear-fix\"><\/div>\n<p><a href=\"https:\/\/www.lesmaconsdelacreuse.fr\/annuaires\/lettre-t\/t_346\/\" title=\"Lire la suite...\">Lire la suite<\/a><\/p>\n","protected":false},"author":2,"featured_media":0,"comment_status":"closed","ping_status":"closed","sticky":false,"template":"","format":"standard","meta":{"_acf_changed":false,"_exactmetrics_skip_tracking":false,"_exactmetrics_sitenote_active":false,"_exactmetrics_sitenote_note":"","_exactmetrics_sitenote_category":0,"footnotes":""},"categories":[13],"tags":[],"class_list":["post-12167","post","type-post","status-publish","format-standard","hentry","category-lettre-t"],"acf":[],"_links":{"self":[{"href":"https:\/\/www.lesmaconsdelacreuse.fr\/annuaires\/wp-json\/wp\/v2\/posts\/12167","targetHints":{"allow":["GET"]}}],"collection":[{"href":"https:\/\/www.lesmaconsdelacreuse.fr\/annuaires\/wp-json\/wp\/v2\/posts"}],"about":[{"href":"https:\/\/www.lesmaconsdelacreuse.fr\/annuaires\/wp-json\/wp\/v2\/types\/post"}],"author":[{"embeddable":true,"href":"https:\/\/www.lesmaconsdelacreuse.fr\/annuaires\/wp-json\/wp\/v2\/users\/2"}],"replies":[{"embeddable":true,"href":"https:\/\/www.lesmaconsdelacreuse.fr\/annuaires\/wp-json\/wp\/v2\/comments?post=12167"}],"version-history":[{"count":1,"href":"https:\/\/www.lesmaconsdelacreuse.fr\/annuaires\/wp-json\/wp\/v2\/posts\/12167\/revisions"}],"predecessor-version":[{"id":203842,"href":"https:\/\/www.lesmaconsdelacreuse.fr\/annuaires\/wp-json\/wp\/v2\/posts\/12167\/revisions\/203842"}],"wp:attachment":[{"href":"https:\/\/www.lesmaconsdelacreuse.fr\/annuaires\/wp-json\/wp\/v2\/media?parent=12167"}],"wp:term":[{"taxonomy":"category","embeddable":true,"href":"https:\/\/www.lesmaconsdelacreuse.fr\/annuaires\/wp-json\/wp\/v2\/categories?post=12167"},{"taxonomy":"post_tag","embeddable":true,"href":"https:\/\/www.lesmaconsdelacreuse.fr\/annuaires\/wp-json\/wp\/v2\/tags?post=12167"}],"curies":[{"name":"wp","href":"https:\/\/api.w.org\/{rel}","templated":true}]}}