{"id":12171,"date":"2019-07-28T16:14:23","date_gmt":"2019-07-28T14:14:23","guid":{"rendered":"http:\/\/lesmaconsdelacreuse.fr\/annuaire\/?p=12171"},"modified":"2020-01-20T11:23:41","modified_gmt":"2020-01-20T10:23:41","slug":"t_314","status":"publish","type":"post","link":"https:\/\/www.lesmaconsdelacreuse.fr\/annuaires\/lettre-t\/t_314\/","title":{"rendered":"TOUNY Fran\u00e7ois (1835-1909)"},"content":{"rendered":"<p class=\"last-updated\"><strong>Mis \u00e0 jour le :<\/strong> 29\/04\/2026<\/p><h2 style=\"text-align: center;\"><strong>Fran\u00e7ois TOUNY<\/strong><\/h2>\n<p style=\"text-align: center;\"><strong>1835 \u2013 1909<\/strong><\/p>\n<p style=\"text-align: center;\"><img decoding=\"async\" title=\"\" src=\"https:\/\/lesmaconsdelacreuse.fr\/annuaire\/wp-content\/uploads\/2019\/07\/image1-2864.jpg\" alt=\"\" data-asset-id=\"12169\" data-source-id=\"i.0\" \/><\/p>\n<h4 style=\"text-align: center;\"><span style=\"color: #008000;\"><strong>ma\u00e7on <\/strong>et<strong> cultivateur<\/strong><\/span><\/h4>\n<p style=\"text-align: center;\">n\u00e9 \u00e0 Rochas (Roy\u00e8re)<\/p>\n<p style=\"text-align: center;\">le 4 juin 1835<\/p>\n<p style=\"text-align: center;\">fils naturel de<\/p>\n<p style=\"text-align: center;\">Marie TOUNY, bordi\u00e8re<\/p>\n<p style=\"text-align: center;\"><span style=\"color: #ffffff;\">\u25d9<\/span><\/p>\n<p><em>Fran\u00e7ois \u00e9pouse Anne <\/em><strong>BINETTE <\/strong><em>le 27 f\u00e9vrier <\/em><strong>1862<\/strong><em> \u00e0 Peyrat-le-Ch\u00e2teau (87 \u2013 contrat Fili\u00e2tre \u00e0 Bourganeuf).<\/em><\/p>\n<p><em>Anne d\u00e9c\u00e8de au village des Merles, commune de Saint-Priest-Palus le 27 f\u00e9vrier <\/em><strong>1865<\/strong><em>, \u00e2g\u00e9e de 20 ans.<\/em><\/p>\n<p><em>Fran\u00e7ois se remarie avec Marie <\/em><strong>CATINAUD<\/strong><em> le 4 mars <\/em><strong>1867<\/strong><em> \u00e0 Saint-Moreil (contrat Berger \u00e0 Bourganeuf). Ils habitent d\u2019abord Montcheny, commune de Saint-Moreil, puis Lestrade, commune de Saint-Junien. <\/em><\/p>\n<p><em>Marie d\u00e9c\u00e8de \u00e0 Villegouleix, commune de Saint-Martin-Ch\u00e2teau, le 7 septembre <\/em><strong>1884<\/strong><em><strong>,<\/strong> \u00e2g\u00e9e de 35 ans.<\/em><\/p>\n<p><em>Fran\u00e7ois se remarie le 24 novembre <\/em><strong>1885<\/strong><em> \u00e0 Saint-Martin avec Marie <\/em><strong>DESBOEUFS<\/strong><em> (contrat Magadoux). <\/em><\/p>\n<p><em>Ils d\u00e9c\u00e8dent\u00a0:<\/em><\/p>\n<ul>\n<li><em>Marie, \u00e0 Theillet, commune de Saint-Martin, le 2 janvier <\/em><strong>1896<\/strong><em>, \u00e2g\u00e9e de 59 ans<\/em><\/li>\n<li><em>Fran\u00e7ois, \u00e0 Pont, m\u00eame commune, le 28 mai <\/em><strong>1909<\/strong><em>, \u00e2g\u00e9 de 73 ans<\/em><\/li>\n<\/ul>\n","protected":false},"excerpt":{"rendered":"<p>Mis \u00e0 jour le : 29\/04\/2026Fran\u00e7ois TOUNY 1835 \u2013 1909 ma\u00e7on et cultivateur n\u00e9 \u00e0 Rochas (Roy\u00e8re) le 4 juin 1835 fils naturel de Marie TOUNY, bordi\u00e8re \u25d9 Fran\u00e7ois \u00e9pouse Anne BINETTE le 27 f\u00e9vrier 1862 \u00e0 Peyrat-le-Ch\u00e2teau (87 \u2013 contrat Fili\u00e2tre \u00e0 Bourganeuf). Anne d\u00e9c\u00e8de au village des Merles, commune de Saint-Priest-Palus le 27 ..<\/p>\n<div class=\"clear-fix\"><\/div>\n<p><a href=\"https:\/\/www.lesmaconsdelacreuse.fr\/annuaires\/lettre-t\/t_314\/\" title=\"Lire la suite...\">Lire la suite<\/a><\/p>\n","protected":false},"author":2,"featured_media":0,"comment_status":"closed","ping_status":"closed","sticky":false,"template":"","format":"standard","meta":{"_acf_changed":false,"_exactmetrics_skip_tracking":false,"_exactmetrics_sitenote_active":false,"_exactmetrics_sitenote_note":"","_exactmetrics_sitenote_category":0,"footnotes":""},"categories":[13],"tags":[],"class_list":["post-12171","post","type-post","status-publish","format-standard","hentry","category-lettre-t"],"acf":[],"_links":{"self":[{"href":"https:\/\/www.lesmaconsdelacreuse.fr\/annuaires\/wp-json\/wp\/v2\/posts\/12171","targetHints":{"allow":["GET"]}}],"collection":[{"href":"https:\/\/www.lesmaconsdelacreuse.fr\/annuaires\/wp-json\/wp\/v2\/posts"}],"about":[{"href":"https:\/\/www.lesmaconsdelacreuse.fr\/annuaires\/wp-json\/wp\/v2\/types\/post"}],"author":[{"embeddable":true,"href":"https:\/\/www.lesmaconsdelacreuse.fr\/annuaires\/wp-json\/wp\/v2\/users\/2"}],"replies":[{"embeddable":true,"href":"https:\/\/www.lesmaconsdelacreuse.fr\/annuaires\/wp-json\/wp\/v2\/comments?post=12171"}],"version-history":[{"count":0,"href":"https:\/\/www.lesmaconsdelacreuse.fr\/annuaires\/wp-json\/wp\/v2\/posts\/12171\/revisions"}],"wp:attachment":[{"href":"https:\/\/www.lesmaconsdelacreuse.fr\/annuaires\/wp-json\/wp\/v2\/media?parent=12171"}],"wp:term":[{"taxonomy":"category","embeddable":true,"href":"https:\/\/www.lesmaconsdelacreuse.fr\/annuaires\/wp-json\/wp\/v2\/categories?post=12171"},{"taxonomy":"post_tag","embeddable":true,"href":"https:\/\/www.lesmaconsdelacreuse.fr\/annuaires\/wp-json\/wp\/v2\/tags?post=12171"}],"curies":[{"name":"wp","href":"https:\/\/api.w.org\/{rel}","templated":true}]}}