{"id":12172,"date":"2019-07-28T16:14:23","date_gmt":"2019-07-28T14:14:23","guid":{"rendered":"http:\/\/lesmaconsdelacreuse.fr\/annuaire\/?p=12172"},"modified":"2020-10-02T16:54:54","modified_gmt":"2020-10-02T14:54:54","slug":"t_328","status":"publish","type":"post","link":"https:\/\/www.lesmaconsdelacreuse.fr\/annuaires\/lettre-t\/t_328\/","title":{"rendered":"TOUNY Joseph (1853-apr\u00e8s 1885)"},"content":{"rendered":"<p class=\"last-updated\"><strong>Mis \u00e0 jour le :<\/strong> 29\/04\/2026<\/p><h2 style=\"text-align: center;\"><strong>Joseph TOUNY<\/strong><\/h2>\n<p style=\"text-align: center;\"><strong>1853 \u2013 apr\u00e8s 1885<\/strong><\/p>\n<p style=\"text-align: center;\"><img decoding=\"async\" title=\"\" src=\"https:\/\/lesmaconsdelacreuse.fr\/annuaire\/wp-content\/uploads\/2019\/07\/image1-178.png\" alt=\"\" data-asset-id=\"12170\" data-source-id=\"i.0\" \/><\/p>\n<p>&nbsp;<\/p>\n<h4 style=\"text-align: center;\"><span style=\"color: #008000;\"><strong>employ\u00e9 d\u2019architecte<\/strong><\/span><\/h4>\n<p>&nbsp;<\/p>\n<p style=\"text-align: center;\">n\u00e9 \u00e0 Bourganeuf<\/p>\n<p style=\"text-align: center;\">le 25 octobre 1853<\/p>\n<p style=\"text-align: center;\">fils de<\/p>\n<p style=\"text-align: center;\">Jean TOUNY, <span style=\"color: #008000;\"><strong>ma\u00e7on<\/strong><\/span> et\u00a0<em><strong>\u25ba<a href=\"https:\/\/www.lesmaconsdelacreuse.fr\/annuaires\/wp-content\/uploads\/2020\/08\/LOGEUR-LOGEUSE.png\">logeur<\/a><\/strong><\/em><\/p>\n<p style=\"text-align: center;\">Marie Dizier<\/p>\n<p style=\"text-align: center;\">propri\u00e9taires cultivateurs<\/p>\n<p style=\"text-align: center;\"><span style=\"color: #ffffff;\">\u25d9<\/span><\/p>\n<p><strong>En 1885<\/strong><em>, Joseph habite <\/em><span style=\"color: #0000ff;\"><strong>Reims (51)<\/strong><\/span><em>, avec ses parents, 14, rue Br\u00fbl\u00e9e.<\/em><\/p>\n<p><em> Le 27 juin de la m\u00eame ann\u00e9e, il y \u00e9pouse Julie Jeanne <\/em><strong>DELARBRE<\/strong><em>.<\/em><\/p>\n<p>&nbsp;<\/p>\n","protected":false},"excerpt":{"rendered":"<p>Mis \u00e0 jour le : 29\/04\/2026Joseph TOUNY 1853 \u2013 apr\u00e8s 1885 &nbsp; employ\u00e9 d\u2019architecte &nbsp; n\u00e9 \u00e0 Bourganeuf le 25 octobre 1853 fils de Jean TOUNY, ma\u00e7on et\u00a0\u25balogeur Marie Dizier propri\u00e9taires cultivateurs \u25d9 En 1885, Joseph habite Reims (51), avec ses parents, 14, rue Br\u00fbl\u00e9e. Le 27 juin de la m\u00eame ann\u00e9e, il y \u00e9pouse ..<\/p>\n<div class=\"clear-fix\"><\/div>\n<p><a href=\"https:\/\/www.lesmaconsdelacreuse.fr\/annuaires\/lettre-t\/t_328\/\" title=\"Lire la suite...\">Lire la suite<\/a><\/p>\n","protected":false},"author":2,"featured_media":0,"comment_status":"closed","ping_status":"closed","sticky":false,"template":"","format":"standard","meta":{"_acf_changed":false,"_exactmetrics_skip_tracking":false,"_exactmetrics_sitenote_active":false,"_exactmetrics_sitenote_note":"","_exactmetrics_sitenote_category":0,"footnotes":""},"categories":[13],"tags":[],"class_list":["post-12172","post","type-post","status-publish","format-standard","hentry","category-lettre-t"],"acf":[],"_links":{"self":[{"href":"https:\/\/www.lesmaconsdelacreuse.fr\/annuaires\/wp-json\/wp\/v2\/posts\/12172","targetHints":{"allow":["GET"]}}],"collection":[{"href":"https:\/\/www.lesmaconsdelacreuse.fr\/annuaires\/wp-json\/wp\/v2\/posts"}],"about":[{"href":"https:\/\/www.lesmaconsdelacreuse.fr\/annuaires\/wp-json\/wp\/v2\/types\/post"}],"author":[{"embeddable":true,"href":"https:\/\/www.lesmaconsdelacreuse.fr\/annuaires\/wp-json\/wp\/v2\/users\/2"}],"replies":[{"embeddable":true,"href":"https:\/\/www.lesmaconsdelacreuse.fr\/annuaires\/wp-json\/wp\/v2\/comments?post=12172"}],"version-history":[{"count":0,"href":"https:\/\/www.lesmaconsdelacreuse.fr\/annuaires\/wp-json\/wp\/v2\/posts\/12172\/revisions"}],"wp:attachment":[{"href":"https:\/\/www.lesmaconsdelacreuse.fr\/annuaires\/wp-json\/wp\/v2\/media?parent=12172"}],"wp:term":[{"taxonomy":"category","embeddable":true,"href":"https:\/\/www.lesmaconsdelacreuse.fr\/annuaires\/wp-json\/wp\/v2\/categories?post=12172"},{"taxonomy":"post_tag","embeddable":true,"href":"https:\/\/www.lesmaconsdelacreuse.fr\/annuaires\/wp-json\/wp\/v2\/tags?post=12172"}],"curies":[{"name":"wp","href":"https:\/\/api.w.org\/{rel}","templated":true}]}}