{"id":12175,"date":"2019-07-28T16:14:23","date_gmt":"2019-07-28T14:14:23","guid":{"rendered":"http:\/\/lesmaconsdelacreuse.fr\/annuaire\/?p=12175"},"modified":"2020-01-20T11:23:41","modified_gmt":"2020-01-20T10:23:41","slug":"t_300","status":"publish","type":"post","link":"https:\/\/www.lesmaconsdelacreuse.fr\/annuaires\/lettre-t\/t_300\/","title":{"rendered":"TIXIER Pierre Henri (1888-1969)"},"content":{"rendered":"<p class=\"last-updated\"><strong>Mis \u00e0 jour le :<\/strong> 29\/04\/2026<\/p><h2 style=\"text-align: center;\"><strong>Pierre Henri TIXIER<\/strong><\/h2>\n<p style=\"text-align: center;\"><strong>Pierre TIXIER<\/strong><\/p>\n<p style=\"text-align: center;\"><strong>1888 \u2013 1969<\/strong><\/p>\n<p style=\"text-align: center;\"><img loading=\"lazy\" decoding=\"async\" class=\"\" title=\"\" src=\"https:\/\/lesmaconsdelacreuse.fr\/annuaire\/wp-content\/uploads\/2019\/07\/image1-2865.jpg\" alt=\"\" width=\"164\" height=\"72\" data-asset-id=\"12173\" data-source-id=\"i.0\" \/><\/p>\n<h4 style=\"text-align: center;\"><span style=\"color: #008000;\"><strong>ma\u00e7on<\/strong><\/span><\/h4>\n<p style=\"text-align: center;\">n\u00e9 au bourg de Saint-Junien-la-Breg\u00e8re<\/p>\n<p style=\"text-align: center;\">le 3 juillet 1888<\/p>\n<p style=\"text-align: center;\">fils de<\/p>\n<p style=\"text-align: center;\">Pierre TIXIER \/ L\u00e9onarde MENUDIER<\/p>\n<p style=\"text-align: center;\">cultivateurs<\/p>\n<p style=\"text-align: center;\"><span style=\"color: #ffffff;\">\u25d9<\/span><\/p>\n<p><strong>En 1909<\/strong><em>, Pierre travaille dans le <\/em><span style=\"color: #0000ff;\"><strong>Rh\u00f4ne <\/strong><\/span><em>,<\/em> <em>et y passe le conseil de r\u00e9vision.<\/em><\/p>\n<p><strong>En 1912<\/strong><em>, il habite <\/em><span style=\"color: #0000ff;\"><strong>Lyon (69)<\/strong><\/span><em>, 67, rue Pierre S\u00e8ze. <\/em><\/p>\n<p><strong>D\u00e9but 1913<\/strong><em>, il est \u00e0 <\/em><span style=\"color: #0000ff;\"><strong>Saint-Germain-de-Joux (01)<\/strong><\/span><em>. Il travaille ensuite \u00e0 Lyon et loge 21, rue Le Royer, apr\u00e8s avoir \u00e9t\u00e9 115, rue Servient.<\/em><\/p>\n<p><em>Le 28 juin de la m\u00eame ann\u00e9e, il \u00e9pouse \u00e0 Lyon 3e Maria <\/em><strong>CHAMPEYMOND<\/strong><em>, couturi\u00e8re n\u00e9e en Haute-Vienne (mari\u00e9s sans contrat). <\/em><\/p>\n<p><strong>D\u00e8s 1914 et jusqu\u2019en 1931<\/strong> <em>au moins, les \u00e9poux habitent 175, rue de Cr\u00e9qui\u00a0;<\/em><\/p>\n<p><strong>en 1969<\/strong><em>, 85, rue Mass\u00e9na, 6e arrondissement, et Pierre est retrait\u00e9.<\/em><\/p>\n<p><em>Le 2 f\u00e9vrier de la m\u00eame ann\u00e9e, il d\u00e9c\u00e8de \u00e0 l\u2019h\u00f4pital de Lyon 8e, 28, rue La\u00ebnnec, \u00e2g\u00e9 de 80 ans.<\/em><\/p>\n<p><em>Sa veuve d\u00e9c\u00e8de \u00e0 Lyon 3e, le 4 octobre <\/em>1978,<em> \u00e2g\u00e9e de 82 ans. <\/em><\/p>\n","protected":false},"excerpt":{"rendered":"<p>Mis \u00e0 jour le : 29\/04\/2026Pierre Henri TIXIER Pierre TIXIER 1888 \u2013 1969 ma\u00e7on n\u00e9 au bourg de Saint-Junien-la-Breg\u00e8re le 3 juillet 1888 fils de Pierre TIXIER \/ L\u00e9onarde MENUDIER cultivateurs \u25d9 En 1909, Pierre travaille dans le Rh\u00f4ne , et y passe le conseil de r\u00e9vision. En 1912, il habite Lyon (69), 67, rue ..<\/p>\n<div class=\"clear-fix\"><\/div>\n<p><a href=\"https:\/\/www.lesmaconsdelacreuse.fr\/annuaires\/lettre-t\/t_300\/\" title=\"Lire la suite...\">Lire la suite<\/a><\/p>\n","protected":false},"author":2,"featured_media":0,"comment_status":"closed","ping_status":"closed","sticky":false,"template":"","format":"standard","meta":{"_acf_changed":false,"_exactmetrics_skip_tracking":false,"_exactmetrics_sitenote_active":false,"_exactmetrics_sitenote_note":"","_exactmetrics_sitenote_category":0,"footnotes":""},"categories":[13],"tags":[],"class_list":["post-12175","post","type-post","status-publish","format-standard","hentry","category-lettre-t"],"acf":[],"_links":{"self":[{"href":"https:\/\/www.lesmaconsdelacreuse.fr\/annuaires\/wp-json\/wp\/v2\/posts\/12175","targetHints":{"allow":["GET"]}}],"collection":[{"href":"https:\/\/www.lesmaconsdelacreuse.fr\/annuaires\/wp-json\/wp\/v2\/posts"}],"about":[{"href":"https:\/\/www.lesmaconsdelacreuse.fr\/annuaires\/wp-json\/wp\/v2\/types\/post"}],"author":[{"embeddable":true,"href":"https:\/\/www.lesmaconsdelacreuse.fr\/annuaires\/wp-json\/wp\/v2\/users\/2"}],"replies":[{"embeddable":true,"href":"https:\/\/www.lesmaconsdelacreuse.fr\/annuaires\/wp-json\/wp\/v2\/comments?post=12175"}],"version-history":[{"count":0,"href":"https:\/\/www.lesmaconsdelacreuse.fr\/annuaires\/wp-json\/wp\/v2\/posts\/12175\/revisions"}],"wp:attachment":[{"href":"https:\/\/www.lesmaconsdelacreuse.fr\/annuaires\/wp-json\/wp\/v2\/media?parent=12175"}],"wp:term":[{"taxonomy":"category","embeddable":true,"href":"https:\/\/www.lesmaconsdelacreuse.fr\/annuaires\/wp-json\/wp\/v2\/categories?post=12175"},{"taxonomy":"post_tag","embeddable":true,"href":"https:\/\/www.lesmaconsdelacreuse.fr\/annuaires\/wp-json\/wp\/v2\/tags?post=12175"}],"curies":[{"name":"wp","href":"https:\/\/api.w.org\/{rel}","templated":true}]}}