{"id":12176,"date":"2019-07-28T16:14:23","date_gmt":"2019-07-28T14:14:23","guid":{"rendered":"http:\/\/lesmaconsdelacreuse.fr\/annuaire\/?p=12176"},"modified":"2020-01-20T11:23:41","modified_gmt":"2020-01-20T10:23:41","slug":"t_339","status":"publish","type":"post","link":"https:\/\/www.lesmaconsdelacreuse.fr\/annuaires\/lettre-t\/t_339\/","title":{"rendered":"TOURNAUD Louis (1859-1905)"},"content":{"rendered":"<p class=\"last-updated\"><strong>Mis \u00e0 jour le :<\/strong> 29\/04\/2026<\/p><h2 style=\"text-align: center;\"><strong>Louis TOURNAUD<\/strong><\/h2>\n<p style=\"text-align: center;\"><strong>Louis TOURNOUX<\/strong><\/p>\n<p style=\"text-align: center;\"><strong>1859 \u2013 1905<\/strong><\/p>\n<h4 style=\"text-align: center;\"><span style=\"color: #008000;\"><strong>ma\u00e7on<\/strong><\/span><\/h4>\n<p style=\"text-align: center;\">n\u00e9 au bourg du Monteil-au-Vicomte<\/p>\n<p style=\"text-align: center;\">le 24 avril 1859<\/p>\n<p style=\"text-align: center;\">fils de<\/p>\n<p style=\"text-align: center;\">Pierre TOURNAUD, sabotier<\/p>\n<p style=\"text-align: center;\">Marie LENOIR, cultivatrice<\/p>\n<p style=\"text-align: center;\"><span style=\"color: #ffffff;\">\u25d9<\/span><\/p>\n<p><strong>En 1885<\/strong><em>, Louis travaille \u00e0 <\/em><span style=\"color: #0000ff;\"><strong>Lyon (69)<\/strong><\/span><em> et loge 112, rue Moncey.<\/em><\/p>\n<p><strong> Avant 1887<\/strong><em>, il \u00e9pouse Am\u00e9lie <\/em><strong>LOMBARD<\/strong> <em>. Ils habitent le bourg du Monteil. <\/em><\/p>\n<p><strong>En 1887<\/strong><em>, Louis travaille \u00e0 <\/em><span style=\"color: #0000ff;\"><strong>Paris (75)<\/strong><\/span><em>. <\/em><\/p>\n<p><strong>En 1895<\/strong><em>, il est \u00e0 Saint-Sulpice-les-Champs\u00a0;<\/em><\/p>\n<p><strong>en 1902<\/strong><em>, au Fraisse, commune de Valli\u00e8re.<\/em><\/p>\n<p><em>Il d\u00e9c\u00e8de \u00e0 Saint-Yriex-la-Montagne le 15 mai <\/em><strong>1905<\/strong><em>, \u00e2g\u00e9 de 46 ans.<\/em><\/p>\n","protected":false},"excerpt":{"rendered":"<p>Mis \u00e0 jour le : 29\/04\/2026Louis TOURNAUD Louis TOURNOUX 1859 \u2013 1905 ma\u00e7on n\u00e9 au bourg du Monteil-au-Vicomte le 24 avril 1859 fils de Pierre TOURNAUD, sabotier Marie LENOIR, cultivatrice \u25d9 En 1885, Louis travaille \u00e0 Lyon (69) et loge 112, rue Moncey. Avant 1887, il \u00e9pouse Am\u00e9lie LOMBARD . Ils habitent le bourg du ..<\/p>\n<div class=\"clear-fix\"><\/div>\n<p><a href=\"https:\/\/www.lesmaconsdelacreuse.fr\/annuaires\/lettre-t\/t_339\/\" title=\"Lire la suite...\">Lire la suite<\/a><\/p>\n","protected":false},"author":2,"featured_media":0,"comment_status":"closed","ping_status":"closed","sticky":false,"template":"","format":"standard","meta":{"_acf_changed":false,"_exactmetrics_skip_tracking":false,"_exactmetrics_sitenote_active":false,"_exactmetrics_sitenote_note":"","_exactmetrics_sitenote_category":0,"footnotes":""},"categories":[13],"tags":[],"class_list":["post-12176","post","type-post","status-publish","format-standard","hentry","category-lettre-t"],"acf":[],"_links":{"self":[{"href":"https:\/\/www.lesmaconsdelacreuse.fr\/annuaires\/wp-json\/wp\/v2\/posts\/12176","targetHints":{"allow":["GET"]}}],"collection":[{"href":"https:\/\/www.lesmaconsdelacreuse.fr\/annuaires\/wp-json\/wp\/v2\/posts"}],"about":[{"href":"https:\/\/www.lesmaconsdelacreuse.fr\/annuaires\/wp-json\/wp\/v2\/types\/post"}],"author":[{"embeddable":true,"href":"https:\/\/www.lesmaconsdelacreuse.fr\/annuaires\/wp-json\/wp\/v2\/users\/2"}],"replies":[{"embeddable":true,"href":"https:\/\/www.lesmaconsdelacreuse.fr\/annuaires\/wp-json\/wp\/v2\/comments?post=12176"}],"version-history":[{"count":0,"href":"https:\/\/www.lesmaconsdelacreuse.fr\/annuaires\/wp-json\/wp\/v2\/posts\/12176\/revisions"}],"wp:attachment":[{"href":"https:\/\/www.lesmaconsdelacreuse.fr\/annuaires\/wp-json\/wp\/v2\/media?parent=12176"}],"wp:term":[{"taxonomy":"category","embeddable":true,"href":"https:\/\/www.lesmaconsdelacreuse.fr\/annuaires\/wp-json\/wp\/v2\/categories?post=12176"},{"taxonomy":"post_tag","embeddable":true,"href":"https:\/\/www.lesmaconsdelacreuse.fr\/annuaires\/wp-json\/wp\/v2\/tags?post=12176"}],"curies":[{"name":"wp","href":"https:\/\/api.w.org\/{rel}","templated":true}]}}