{"id":12178,"date":"2019-07-28T16:14:23","date_gmt":"2019-07-28T14:14:23","guid":{"rendered":"http:\/\/lesmaconsdelacreuse.fr\/annuaire\/?p=12178"},"modified":"2020-01-20T11:23:41","modified_gmt":"2020-01-20T10:23:41","slug":"t_333","status":"publish","type":"post","link":"https:\/\/www.lesmaconsdelacreuse.fr\/annuaires\/lettre-t\/t_333\/","title":{"rendered":"TOUNY Louis (1885-1967)"},"content":{"rendered":"<p class=\"last-updated\"><strong>Mis \u00e0 jour le :<\/strong> 29\/04\/2026<\/p><h2 style=\"text-align: center;\"><strong>Louis TOUNY<\/strong><\/h2>\n<p style=\"text-align: center;\"><strong>1885 \u2013 1967<\/strong><\/p>\n<p style=\"text-align: center;\"><img loading=\"lazy\" decoding=\"async\" class=\"\" title=\"\" src=\"https:\/\/lesmaconsdelacreuse.fr\/annuaire\/wp-content\/uploads\/2019\/07\/image1-2866.jpg\" alt=\"\" width=\"215\" height=\"74\" data-asset-id=\"12174\" data-source-id=\"i.0\" \/><\/p>\n<h4 style=\"text-align: center;\"><span style=\"color: #008000;\"><strong>ma\u00e7on<\/strong><\/span><\/h4>\n<p style=\"text-align: center;\">n\u00e9 au bourg de Saint-Moreil<\/p>\n<p style=\"text-align: center;\">le 15 juin 1885<\/p>\n<p style=\"text-align: center;\">fils de<\/p>\n<p style=\"text-align: center;\">L\u00e9onard TOUNY, <span style=\"color: #008000;\"><strong>ma\u00e7on<\/strong><\/span><\/p>\n<p style=\"text-align: center;\">Marie BORNE, cultivatrice<\/p>\n<p style=\"text-align: center;\"><span style=\"color: #ffffff;\">\u25d9<\/span><\/p>\n<p><em>Louis \u00e9pouse Marie-Louise <\/em><strong>\u00c9GLIZEAUD<\/strong><em> le 17 f\u00e9vrier <\/em><strong>1912<\/strong> <em>\u00e0 Saint-Moreil (mari\u00e9s sans contrat).<\/em><\/p>\n<p><em> Ils d\u00e9c\u00e8dent \u00e0 <\/em><strong><span style=\"color: #0000ff;\">Rouen (76)<\/span>\u00a0<\/strong>:<\/p>\n<ul>\n<li><em>Marie-Louise, le 27 juillet <\/em><strong>1964<\/strong><em>, \u00e2g\u00e9e de 81<\/em> <em>ans<\/em><\/li>\n<li><em>Louis, le 3 mai <\/em><strong>1967<\/strong><em>, \u00e2g\u00e9 de 81 ans<\/em><\/li>\n<\/ul>\n","protected":false},"excerpt":{"rendered":"<p>Mis \u00e0 jour le : 29\/04\/2026Louis TOUNY 1885 \u2013 1967 ma\u00e7on n\u00e9 au bourg de Saint-Moreil le 15 juin 1885 fils de L\u00e9onard TOUNY, ma\u00e7on Marie BORNE, cultivatrice \u25d9 Louis \u00e9pouse Marie-Louise \u00c9GLIZEAUD le 17 f\u00e9vrier 1912 \u00e0 Saint-Moreil (mari\u00e9s sans contrat). Ils d\u00e9c\u00e8dent \u00e0 Rouen (76)\u00a0: Marie-Louise, le 27 juillet 1964, \u00e2g\u00e9e de 81 ..<\/p>\n<div class=\"clear-fix\"><\/div>\n<p><a href=\"https:\/\/www.lesmaconsdelacreuse.fr\/annuaires\/lettre-t\/t_333\/\" title=\"Lire la suite...\">Lire la suite<\/a><\/p>\n","protected":false},"author":2,"featured_media":0,"comment_status":"closed","ping_status":"closed","sticky":false,"template":"","format":"standard","meta":{"_acf_changed":false,"_exactmetrics_skip_tracking":false,"_exactmetrics_sitenote_active":false,"_exactmetrics_sitenote_note":"","_exactmetrics_sitenote_category":0,"footnotes":""},"categories":[13],"tags":[],"class_list":["post-12178","post","type-post","status-publish","format-standard","hentry","category-lettre-t"],"acf":[],"_links":{"self":[{"href":"https:\/\/www.lesmaconsdelacreuse.fr\/annuaires\/wp-json\/wp\/v2\/posts\/12178","targetHints":{"allow":["GET"]}}],"collection":[{"href":"https:\/\/www.lesmaconsdelacreuse.fr\/annuaires\/wp-json\/wp\/v2\/posts"}],"about":[{"href":"https:\/\/www.lesmaconsdelacreuse.fr\/annuaires\/wp-json\/wp\/v2\/types\/post"}],"author":[{"embeddable":true,"href":"https:\/\/www.lesmaconsdelacreuse.fr\/annuaires\/wp-json\/wp\/v2\/users\/2"}],"replies":[{"embeddable":true,"href":"https:\/\/www.lesmaconsdelacreuse.fr\/annuaires\/wp-json\/wp\/v2\/comments?post=12178"}],"version-history":[{"count":0,"href":"https:\/\/www.lesmaconsdelacreuse.fr\/annuaires\/wp-json\/wp\/v2\/posts\/12178\/revisions"}],"wp:attachment":[{"href":"https:\/\/www.lesmaconsdelacreuse.fr\/annuaires\/wp-json\/wp\/v2\/media?parent=12178"}],"wp:term":[{"taxonomy":"category","embeddable":true,"href":"https:\/\/www.lesmaconsdelacreuse.fr\/annuaires\/wp-json\/wp\/v2\/categories?post=12178"},{"taxonomy":"post_tag","embeddable":true,"href":"https:\/\/www.lesmaconsdelacreuse.fr\/annuaires\/wp-json\/wp\/v2\/tags?post=12178"}],"curies":[{"name":"wp","href":"https:\/\/api.w.org\/{rel}","templated":true}]}}