{"id":12193,"date":"2019-07-28T16:14:21","date_gmt":"2019-07-28T14:14:21","guid":{"rendered":"http:\/\/lesmaconsdelacreuse.fr\/annuaire\/?p=12193"},"modified":"2020-10-08T14:53:27","modified_gmt":"2020-10-08T12:53:27","slug":"t_341","status":"publish","type":"post","link":"https:\/\/www.lesmaconsdelacreuse.fr\/annuaires\/lettre-t\/t_341\/","title":{"rendered":"TOURTE Jean (1841-1922)"},"content":{"rendered":"<p class=\"last-updated\"><strong>Mis \u00e0 jour le :<\/strong> 29\/04\/2026<\/p><h2 style=\"text-align: center;\"><strong>Jean TOURTE<\/strong><\/h2>\n<p style=\"text-align: center;\"><strong>1841 \u2013 1922<\/strong><\/p>\n<p style=\"text-align: center;\"><img decoding=\"async\" title=\"\" src=\"https:\/\/lesmaconsdelacreuse.fr\/annuaire\/wp-content\/uploads\/2019\/07\/image1-2872.jpg\" alt=\"\" data-asset-id=\"12192\" data-source-id=\"i.0\" \/><\/p>\n<h4 style=\"text-align: center;\"><span style=\"color: #008000;\"><strong>entrepreneur<\/strong><\/span><\/h4>\n<p>&nbsp;<\/p>\n<p style=\"text-align: center;\">n\u00e9 au Petit-Mazuras (Faux-Mazuras)<\/p>\n<p style=\"text-align: center;\">le 31 juillet 1841<\/p>\n<p style=\"text-align: center;\">fils de<\/p>\n<p style=\"text-align: center;\">L\u00e9onard TOURTE,<span style=\"color: #008000;\"> <strong>ma\u00e7on<\/strong><\/span><\/p>\n<p style=\"text-align: center;\">Fran\u00e7oise PEYROT, cultivatrice<\/p>\n<p style=\"text-align: center;\"><span style=\"color: #ffffff;\">\u25d9<\/span><\/p>\n<p><strong>En 1862<\/strong><em>, Jean travaille dans le <\/em><span style=\"color: #0000ff;\"><strong>Rh\u00f4ne<\/strong><\/span><em><span style=\"color: #0000ff;\">,<\/span> et y passe le conseil de r\u00e9vision. Il est exempt\u00e9 de service militaire comme fils a\u00een\u00e9 de veuve.<\/em><\/p>\n<p><em> Il habite la commune de Saint-Pardoux-Lavaud avec sa m\u00e8re, lorsqu\u2019il y \u00e9pouse Marie <\/em><strong>SIMONET<\/strong><em> le 8 f\u00e9vrier <\/em><strong>1869<\/strong><em> (contrat Berger \u00e0 Bourganeuf).<\/em><\/p>\n<p><strong>En 1875<\/strong><em>, ils habitent <\/em><span style=\"color: #0000ff;\"><strong>Lyon (69)<\/strong><\/span><em>, 87, rue Madame\u00a0;<\/em><\/p>\n<p><strong>en 1900<\/strong><em>, 87, rue Pierre Corneille, 3e arrondissement.<\/em><\/p>\n<p>\u25ba <em><span style=\"color: #000000;\"><a style=\"color: #000000;\" href=\"https:\/\/www.lesmaconsdelacreuse.fr\/annuaires\/wp-content\/uploads\/2019\/07\/1900-Soci\u00e9t\u00e9-TOURTE.jpg\" target=\"_blank\" rel=\"noopener noreferrer\">La m\u00eame ann\u00e9e<\/a><\/span>, il fonde avec son fils Jean, <strong>\u25ba<a href=\"https:\/\/www.lesmaconsdelacreuse.fr\/annuaires\/wp-content\/uploads\/2020\/08\/CONTREMAITRE-MA\u00c7ON.png\" target=\"_blank\" rel=\"noopener noreferrer\">contrema\u00eetre<\/a><\/strong> ma\u00e7on, et Michel GIGAUDOT, une soci\u00e9t\u00e9 appel\u00e9e \u00ab\u00a0Gigaudot, Tourte et fils\u00a0\u00bb, ayant pour but l&rsquo;exploitation de l&rsquo;industrie d&rsquo;entrepreneur de ma\u00e7onnerie et de <strong>\u25ba<a href=\"https:\/\/www.lesmaconsdelacreuse.fr\/annuaires\/wp-content\/uploads\/2020\/08\/TRAVAUX-PUBLICS-1.png\">travaux publics<\/a><\/strong>.<\/em><\/p>\n<p><strong>En 1912<\/strong>, <em>Jean vend par adjudication des biens situ\u00e9s \u00e0 Saint-Pardoux-Lavaud.<\/em><\/p>\n<p><em>Les \u00e9poux d\u00e9c\u00e8dent \u00e0 Lyon 3e :<\/em><\/p>\n<ul>\n<li><em> Marie, le 2 mars <\/em><strong>1901<\/strong><em>, \u00e2g\u00e9e de 55 ans, \u00e0 l\u2019adresse de 1900<\/em><\/li>\n<li><em> Jean, rentier, le 18 f\u00e9vrier <\/em><strong>1922<\/strong>,<em> \u00e2g\u00e9 de 80 ans, en son domicile, 95, rue Moli\u00e8re <\/em><\/li>\n<\/ul>\n<p>&nbsp;<\/p>\n","protected":false},"excerpt":{"rendered":"<p>Mis \u00e0 jour le : 29\/04\/2026Jean TOURTE 1841 \u2013 1922 entrepreneur &nbsp; n\u00e9 au Petit-Mazuras (Faux-Mazuras) le 31 juillet 1841 fils de L\u00e9onard TOURTE, ma\u00e7on Fran\u00e7oise PEYROT, cultivatrice \u25d9 En 1862, Jean travaille dans le Rh\u00f4ne, et y passe le conseil de r\u00e9vision. Il est exempt\u00e9 de service militaire comme fils a\u00een\u00e9 de veuve. Il ..<\/p>\n<div class=\"clear-fix\"><\/div>\n<p><a href=\"https:\/\/www.lesmaconsdelacreuse.fr\/annuaires\/lettre-t\/t_341\/\" title=\"Lire la suite...\">Lire la suite<\/a><\/p>\n","protected":false},"author":2,"featured_media":0,"comment_status":"closed","ping_status":"closed","sticky":false,"template":"","format":"standard","meta":{"_acf_changed":false,"_exactmetrics_skip_tracking":false,"_exactmetrics_sitenote_active":false,"_exactmetrics_sitenote_note":"","_exactmetrics_sitenote_category":0,"footnotes":""},"categories":[13],"tags":[],"class_list":["post-12193","post","type-post","status-publish","format-standard","hentry","category-lettre-t"],"acf":[],"_links":{"self":[{"href":"https:\/\/www.lesmaconsdelacreuse.fr\/annuaires\/wp-json\/wp\/v2\/posts\/12193","targetHints":{"allow":["GET"]}}],"collection":[{"href":"https:\/\/www.lesmaconsdelacreuse.fr\/annuaires\/wp-json\/wp\/v2\/posts"}],"about":[{"href":"https:\/\/www.lesmaconsdelacreuse.fr\/annuaires\/wp-json\/wp\/v2\/types\/post"}],"author":[{"embeddable":true,"href":"https:\/\/www.lesmaconsdelacreuse.fr\/annuaires\/wp-json\/wp\/v2\/users\/2"}],"replies":[{"embeddable":true,"href":"https:\/\/www.lesmaconsdelacreuse.fr\/annuaires\/wp-json\/wp\/v2\/comments?post=12193"}],"version-history":[{"count":0,"href":"https:\/\/www.lesmaconsdelacreuse.fr\/annuaires\/wp-json\/wp\/v2\/posts\/12193\/revisions"}],"wp:attachment":[{"href":"https:\/\/www.lesmaconsdelacreuse.fr\/annuaires\/wp-json\/wp\/v2\/media?parent=12193"}],"wp:term":[{"taxonomy":"category","embeddable":true,"href":"https:\/\/www.lesmaconsdelacreuse.fr\/annuaires\/wp-json\/wp\/v2\/categories?post=12193"},{"taxonomy":"post_tag","embeddable":true,"href":"https:\/\/www.lesmaconsdelacreuse.fr\/annuaires\/wp-json\/wp\/v2\/tags?post=12193"}],"curies":[{"name":"wp","href":"https:\/\/api.w.org\/{rel}","templated":true}]}}