{"id":12200,"date":"2019-07-28T16:14:21","date_gmt":"2019-07-28T14:14:21","guid":{"rendered":"http:\/\/lesmaconsdelacreuse.fr\/annuaire\/?p=12200"},"modified":"2022-05-02T16:57:21","modified_gmt":"2022-05-02T14:57:21","slug":"t_316","status":"publish","type":"post","link":"https:\/\/www.lesmaconsdelacreuse.fr\/annuaires\/lettre-t\/t_316\/","title":{"rendered":"TOUNY Fran\u00e7ois (1848-apr\u00e8s 1924)"},"content":{"rendered":"<p class=\"last-updated\"><strong>Mis \u00e0 jour le :<\/strong> 29\/04\/2026<\/p><h2 style=\"text-align: center;\"><strong>Fran\u00e7ois TOUNY<\/strong><\/h2>\n<p style=\"text-align: center;\"><strong>1848 \u2013 apr\u00e8s 1924<\/strong><\/p>\n<p style=\"text-align: center;\"><img decoding=\"async\" title=\"\" src=\"https:\/\/lesmaconsdelacreuse.fr\/annuaire\/wp-content\/uploads\/2019\/07\/image1-2874.jpg\" alt=\"\" data-asset-id=\"12196\" data-source-id=\"i.0\" \/><\/p>\n<h4 style=\"text-align: center;\"><strong><span style=\"color: #008000;\">entrepreneur de<\/span>\u00a0\u25ba<a href=\"https:\/\/www.lesmaconsdelacreuse.fr\/annuaires\/wp-content\/uploads\/2020\/08\/TRAVAUX-PUBLICS-1.png\"><span style=\"color: #008000;\">travaux publics<\/span><\/a><\/strong><\/h4>\n<p>&nbsp;<\/p>\n<p style=\"text-align: center;\">n\u00e9 \u00e0 Vergnolas (Roy\u00e8re)<\/p>\n<p style=\"text-align: center;\">le 26 octobre 1848<\/p>\n<p style=\"text-align: center;\">fils de<\/p>\n<p style=\"text-align: center;\">Jean TOUNY, <span style=\"color: #008000;\"><strong>ma\u00e7on<\/strong><\/span><\/p>\n<p style=\"text-align: center;\">Jeanne BELARBRE, cultivatrice<\/p>\n<p style=\"text-align: center;\"><span style=\"color: #ffffff;\">\u25d9<\/span><\/p>\n<p><em>Fran\u00e7ois, <\/em><span style=\"color: #008000;\"><strong>ma\u00e7on<\/strong><\/span><em>, \u00e9pouse Catherine <\/em><strong>BROUSSAS<\/strong><em> le 5 f\u00e9vrier <\/em><strong>1874<\/strong><em> \u00e0 Roy\u00e8re (contrat Toumieux). Ils habitent Vergnolas. <\/em><\/p>\n<p><strong>De 1880 \u00e0 1895<\/strong> <em>au moins, Fran\u00e7ois travaille \u00e0 <\/em><strong><span style=\"color: #0000ff;\">Saint-Rambert-l\u2019Ile-Barbe<\/span> <span style=\"color: #0000ff;\">(69)<\/span><\/strong><em>\u00a0.<\/em><\/p>\n<p><em>\u00a0<\/em><em>La famille y est recens\u00e9e en <\/em>1886, 1891 et 1896<\/p>\n<p><strong>En 1895<\/strong><em>, <\/em><span style=\"color: #008000;\"><strong>entrepreneur de travaux publics<\/strong><\/span><em>, il va faire &#8211; ou faire faire \u2013 avec les autres propri\u00e9taires concern\u00e9s, des travaux \u00e0 Vergnolas\u00a0; il s\u2019agit d\u2019une conduite d\u2019eau que les pr\u00e9c\u00e9dents adjudicataires ont renonc\u00e9 \u00e0 creuser en raison du terrain rocheux. Il va falloir terminer le chantier.<\/em><\/p>\n<p>\u25ba<span style=\"color: #000000;\"><strong><a style=\"color: #000000;\" href=\"https:\/\/www.lesmaconsdelacreuse.fr\/annuaires\/\/wp-content\/uploads\/DOCUMENTS\/1924_-_Francois_TOUNY_a_Saint-Rambert.pdf\" target=\"_blank\" rel=\"noopener noreferrer\">De 1921 \u00e0 1924<\/a><\/strong><\/span><em> au moins, les \u00e9poux habitent Saint-Rambert, 1, Grande Rue.<\/em><\/p>\n<p>&nbsp;<\/p>\n","protected":false},"excerpt":{"rendered":"<p>Mis \u00e0 jour le : 29\/04\/2026Fran\u00e7ois TOUNY 1848 \u2013 apr\u00e8s 1924 entrepreneur de\u00a0\u25batravaux publics &nbsp; n\u00e9 \u00e0 Vergnolas (Roy\u00e8re) le 26 octobre 1848 fils de Jean TOUNY, ma\u00e7on Jeanne BELARBRE, cultivatrice \u25d9 Fran\u00e7ois, ma\u00e7on, \u00e9pouse Catherine BROUSSAS le 5 f\u00e9vrier 1874 \u00e0 Roy\u00e8re (contrat Toumieux). Ils habitent Vergnolas. De 1880 \u00e0 1895 au moins, Fran\u00e7ois ..<\/p>\n<div class=\"clear-fix\"><\/div>\n<p><a href=\"https:\/\/www.lesmaconsdelacreuse.fr\/annuaires\/lettre-t\/t_316\/\" title=\"Lire la suite...\">Lire la suite<\/a><\/p>\n","protected":false},"author":2,"featured_media":0,"comment_status":"closed","ping_status":"closed","sticky":false,"template":"","format":"standard","meta":{"_acf_changed":false,"_exactmetrics_skip_tracking":false,"_exactmetrics_sitenote_active":false,"_exactmetrics_sitenote_note":"","_exactmetrics_sitenote_category":0,"footnotes":""},"categories":[13],"tags":[],"class_list":["post-12200","post","type-post","status-publish","format-standard","hentry","category-lettre-t"],"acf":[],"_links":{"self":[{"href":"https:\/\/www.lesmaconsdelacreuse.fr\/annuaires\/wp-json\/wp\/v2\/posts\/12200","targetHints":{"allow":["GET"]}}],"collection":[{"href":"https:\/\/www.lesmaconsdelacreuse.fr\/annuaires\/wp-json\/wp\/v2\/posts"}],"about":[{"href":"https:\/\/www.lesmaconsdelacreuse.fr\/annuaires\/wp-json\/wp\/v2\/types\/post"}],"author":[{"embeddable":true,"href":"https:\/\/www.lesmaconsdelacreuse.fr\/annuaires\/wp-json\/wp\/v2\/users\/2"}],"replies":[{"embeddable":true,"href":"https:\/\/www.lesmaconsdelacreuse.fr\/annuaires\/wp-json\/wp\/v2\/comments?post=12200"}],"version-history":[{"count":2,"href":"https:\/\/www.lesmaconsdelacreuse.fr\/annuaires\/wp-json\/wp\/v2\/posts\/12200\/revisions"}],"predecessor-version":[{"id":198588,"href":"https:\/\/www.lesmaconsdelacreuse.fr\/annuaires\/wp-json\/wp\/v2\/posts\/12200\/revisions\/198588"}],"wp:attachment":[{"href":"https:\/\/www.lesmaconsdelacreuse.fr\/annuaires\/wp-json\/wp\/v2\/media?parent=12200"}],"wp:term":[{"taxonomy":"category","embeddable":true,"href":"https:\/\/www.lesmaconsdelacreuse.fr\/annuaires\/wp-json\/wp\/v2\/categories?post=12200"},{"taxonomy":"post_tag","embeddable":true,"href":"https:\/\/www.lesmaconsdelacreuse.fr\/annuaires\/wp-json\/wp\/v2\/tags?post=12200"}],"curies":[{"name":"wp","href":"https:\/\/api.w.org\/{rel}","templated":true}]}}