{"id":12207,"date":"2019-07-28T16:14:21","date_gmt":"2019-07-28T14:14:21","guid":{"rendered":"http:\/\/lesmaconsdelacreuse.fr\/annuaire\/?p=12207"},"modified":"2020-10-09T08:40:10","modified_gmt":"2020-10-09T06:40:10","slug":"t_323","status":"publish","type":"post","link":"https:\/\/www.lesmaconsdelacreuse.fr\/annuaires\/lettre-t\/t_323\/","title":{"rendered":"TOUNY Jean (1839-1868)"},"content":{"rendered":"<p class=\"last-updated\"><strong>Mis \u00e0 jour le :<\/strong> 29\/04\/2026<\/p><h2 style=\"text-align: center;\"><strong>Jean TOUNY<\/strong><\/h2>\n<p style=\"text-align: center;\"><strong>1839 \u2013 1868<\/strong><\/p>\n<p style=\"text-align: center;\"><img loading=\"lazy\" decoding=\"async\" class=\"\" title=\"\" src=\"https:\/\/lesmaconsdelacreuse.fr\/annuaire\/wp-content\/uploads\/2019\/07\/image1-2879.jpg\" alt=\"\" width=\"257\" height=\"146\" data-asset-id=\"12206\" data-source-id=\"i.0\" \/><\/p>\n<h4 style=\"text-align: center;\"><span style=\"color: #008000;\"><strong>ma\u00e7on<\/strong>, puis\u00a0<em>\u25ba<\/em><strong><a href=\"https:\/\/www.lesmaconsdelacreuse.fr\/annuaires\/wp-content\/uploads\/2020\/08\/CONDUCTEUR-DE-TRAVAUX.png\" target=\"_blank\" rel=\"noopener noreferrer\"><span style=\"color: #008000;\">conducteur de travaux<\/span><\/a><\/strong><\/span><\/h4>\n<p>&nbsp;<\/p>\n<p style=\"text-align: center;\">n\u00e9 \u00e0 Haute-Faye (Roy\u00e8re)<\/p>\n<p style=\"text-align: center;\">le 22 juin 1839<\/p>\n<p style=\"text-align: center;\">fils de<\/p>\n<p style=\"text-align: center;\">Fran\u00e7ois TOUNY, meunier et <span style=\"color: #008000;\"><strong>ma\u00e7on<\/strong><\/span><\/p>\n<p style=\"text-align: center;\">Marie LECLERC<\/p>\n<p style=\"text-align: center;\">propri\u00e9taires cultivateurs<\/p>\n<p style=\"text-align: center;\"><span style=\"color: #ffffff;\">\u25d9<\/span><\/p>\n<p><strong>En 1860<\/strong><em>, Jean, <\/em><span style=\"color: #008000;\"><strong>ma\u00e7on<\/strong><\/span><em>, travaille dans le <\/em><span style=\"color: #0000ff;\"><strong>Rh\u00f4ne (69)<\/strong><\/span><em>, et y passe le conseil de r\u00e9vision.<\/em><\/p>\n<p><em> Il \u00e9pouse Marie <\/em><strong>LH\u00c9RITIER<\/strong><em> le 12 mars <\/em><strong>1866<\/strong><em> \u00e0 Roy\u00e8re (contrat Toumieux). Le couple habite Haute-Faye.<\/em><\/p>\n<p><strong>En 1868<\/strong><em>, Jean est <\/em><span style=\"color: #008000;\"><strong>conducteur de travaux<\/strong><\/span><em> \u00e0 <\/em><span style=\"color: #0000ff;\"><strong>Mogneneins (01)<\/strong><\/span><em>.<\/em><\/p>\n<p><em> le 3 ao\u00fbt de la m\u00eame ann\u00e9e, \u00e2g\u00e9 de 29 ans, il y d\u00e9c\u00e8de au domicile de Claude Vivier, aubergiste. <\/em><\/p>\n<p><em> Sa veuve se remarie en 1874 \u00e0 Roy\u00e8re avec Fran\u00e7ois F\u00e9lix TOUNY, ma\u00e7on, son beau-fr\u00e8re.<\/em><\/p>\n<p><strong>\u00a0<\/strong><\/p>\n","protected":false},"excerpt":{"rendered":"<p>Mis \u00e0 jour le : 29\/04\/2026Jean TOUNY 1839 \u2013 1868 ma\u00e7on, puis\u00a0\u25baconducteur de travaux &nbsp; n\u00e9 \u00e0 Haute-Faye (Roy\u00e8re) le 22 juin 1839 fils de Fran\u00e7ois TOUNY, meunier et ma\u00e7on Marie LECLERC propri\u00e9taires cultivateurs \u25d9 En 1860, Jean, ma\u00e7on, travaille dans le Rh\u00f4ne (69), et y passe le conseil de r\u00e9vision. Il \u00e9pouse Marie LH\u00c9RITIER ..<\/p>\n<div class=\"clear-fix\"><\/div>\n<p><a href=\"https:\/\/www.lesmaconsdelacreuse.fr\/annuaires\/lettre-t\/t_323\/\" title=\"Lire la suite...\">Lire la suite<\/a><\/p>\n","protected":false},"author":2,"featured_media":0,"comment_status":"closed","ping_status":"closed","sticky":false,"template":"","format":"standard","meta":{"_acf_changed":false,"_exactmetrics_skip_tracking":false,"_exactmetrics_sitenote_active":false,"_exactmetrics_sitenote_note":"","_exactmetrics_sitenote_category":0,"footnotes":""},"categories":[13],"tags":[],"class_list":["post-12207","post","type-post","status-publish","format-standard","hentry","category-lettre-t"],"acf":[],"_links":{"self":[{"href":"https:\/\/www.lesmaconsdelacreuse.fr\/annuaires\/wp-json\/wp\/v2\/posts\/12207","targetHints":{"allow":["GET"]}}],"collection":[{"href":"https:\/\/www.lesmaconsdelacreuse.fr\/annuaires\/wp-json\/wp\/v2\/posts"}],"about":[{"href":"https:\/\/www.lesmaconsdelacreuse.fr\/annuaires\/wp-json\/wp\/v2\/types\/post"}],"author":[{"embeddable":true,"href":"https:\/\/www.lesmaconsdelacreuse.fr\/annuaires\/wp-json\/wp\/v2\/users\/2"}],"replies":[{"embeddable":true,"href":"https:\/\/www.lesmaconsdelacreuse.fr\/annuaires\/wp-json\/wp\/v2\/comments?post=12207"}],"version-history":[{"count":0,"href":"https:\/\/www.lesmaconsdelacreuse.fr\/annuaires\/wp-json\/wp\/v2\/posts\/12207\/revisions"}],"wp:attachment":[{"href":"https:\/\/www.lesmaconsdelacreuse.fr\/annuaires\/wp-json\/wp\/v2\/media?parent=12207"}],"wp:term":[{"taxonomy":"category","embeddable":true,"href":"https:\/\/www.lesmaconsdelacreuse.fr\/annuaires\/wp-json\/wp\/v2\/categories?post=12207"},{"taxonomy":"post_tag","embeddable":true,"href":"https:\/\/www.lesmaconsdelacreuse.fr\/annuaires\/wp-json\/wp\/v2\/tags?post=12207"}],"curies":[{"name":"wp","href":"https:\/\/api.w.org\/{rel}","templated":true}]}}