{"id":12210,"date":"2019-07-28T16:14:20","date_gmt":"2019-07-28T14:14:20","guid":{"rendered":"http:\/\/lesmaconsdelacreuse.fr\/annuaire\/?p=12210"},"modified":"2023-01-04T07:29:28","modified_gmt":"2023-01-04T06:29:28","slug":"t_336","status":"publish","type":"post","link":"https:\/\/www.lesmaconsdelacreuse.fr\/annuaires\/lettre-t\/t_336\/","title":{"rendered":"TOUNY Pierre (1671-avant 1729)"},"content":{"rendered":"<p class=\"last-updated\"><strong>Mis \u00e0 jour le :<\/strong> 29\/04\/2026<\/p><h2 style=\"text-align: center;\"><strong>Pierre TOUNY<\/strong><\/h2>\n<p style=\"text-align: center;\"><strong>1671 \u2013 avant 1729<\/strong><\/p>\n<p style=\"text-align: center;\"><img decoding=\"async\" title=\"\" src=\"https:\/\/lesmaconsdelacreuse.fr\/annuaire\/wp-content\/uploads\/2019\/07\/image1-2880.jpg\" alt=\"\" data-asset-id=\"12208\" data-source-id=\"i.0\" \/><\/p>\n<h4 style=\"text-align: center;\"><span style=\"color: #008000;\"><strong>ma\u00e7on <\/strong>et <strong>laboureur<\/strong><\/span><\/h4>\n<p>&nbsp;<\/p>\n<p style=\"text-align: center;\">n\u00e9 \u00e0 Haute-Faye (Roy\u00e8re)<\/p>\n<p style=\"text-align: center;\">le 26 septembre 1671<\/p>\n<p style=\"text-align: center;\">fils de<\/p>\n<p style=\"text-align: center;\">L\u00e9onard TOUNY,<span style=\"color: #008000;\"> <strong>ma\u00e7on <\/strong><\/span><strong>\/ <\/strong>Anne BARBE<\/p>\n<p style=\"text-align: center;\">laboureurs et \u25ba<a href=\"https:\/\/www.lesmaconsdelacreuse.fr\/annuaires\/wp-content\/uploads\/2020\/08\/FERMIER-M\u00c9TAYER.png\" target=\"_blank\" rel=\"noopener noreferrer\"><span style=\"color: #000000;\">m\u00e9tayers<\/span><\/a><\/p>\n<p style=\"text-align: center;\"><span style=\"color: #ffffff;\">\u25d9<\/span><\/p>\n<p><em>Pierre \u00e9pouse Fran\u00e7oise <\/em><strong>MONTEILLOU<\/strong><em> le 7 f\u00e9vrier <\/em><strong>1701<\/strong><em> \u00e0 Roy\u00e8re (contrat Larthe). Ils habitent Haute-Faye.<\/em><\/p>\n<p><em>Veuve, Fran\u00e7oise se remarie <strong>en <\/strong><\/em><strong>1729<\/strong><em> avec L\u00e9onard DURAT et d\u00e9c\u00e8de \u00e0 Jeansanetas le 28 mars 1740, \u00e2g\u00e9e de 58 ans.<\/em><\/p>\n<p>S17<\/p>\n<p>&nbsp;<\/p>\n","protected":false},"excerpt":{"rendered":"<p>Mis \u00e0 jour le : 29\/04\/2026Pierre TOUNY 1671 \u2013 avant 1729 ma\u00e7on et laboureur &nbsp; n\u00e9 \u00e0 Haute-Faye (Roy\u00e8re) le 26 septembre 1671 fils de L\u00e9onard TOUNY, ma\u00e7on \/ Anne BARBE laboureurs et \u25bam\u00e9tayers \u25d9 Pierre \u00e9pouse Fran\u00e7oise MONTEILLOU le 7 f\u00e9vrier 1701 \u00e0 Roy\u00e8re (contrat Larthe). Ils habitent Haute-Faye. Veuve, Fran\u00e7oise se remarie en ..<\/p>\n<div class=\"clear-fix\"><\/div>\n<p><a href=\"https:\/\/www.lesmaconsdelacreuse.fr\/annuaires\/lettre-t\/t_336\/\" title=\"Lire la suite...\">Lire la suite<\/a><\/p>\n","protected":false},"author":2,"featured_media":0,"comment_status":"closed","ping_status":"closed","sticky":false,"template":"","format":"standard","meta":{"_acf_changed":false,"_exactmetrics_skip_tracking":false,"_exactmetrics_sitenote_active":false,"_exactmetrics_sitenote_note":"","_exactmetrics_sitenote_category":0,"footnotes":""},"categories":[13],"tags":[],"class_list":["post-12210","post","type-post","status-publish","format-standard","hentry","category-lettre-t"],"acf":[],"_links":{"self":[{"href":"https:\/\/www.lesmaconsdelacreuse.fr\/annuaires\/wp-json\/wp\/v2\/posts\/12210","targetHints":{"allow":["GET"]}}],"collection":[{"href":"https:\/\/www.lesmaconsdelacreuse.fr\/annuaires\/wp-json\/wp\/v2\/posts"}],"about":[{"href":"https:\/\/www.lesmaconsdelacreuse.fr\/annuaires\/wp-json\/wp\/v2\/types\/post"}],"author":[{"embeddable":true,"href":"https:\/\/www.lesmaconsdelacreuse.fr\/annuaires\/wp-json\/wp\/v2\/users\/2"}],"replies":[{"embeddable":true,"href":"https:\/\/www.lesmaconsdelacreuse.fr\/annuaires\/wp-json\/wp\/v2\/comments?post=12210"}],"version-history":[{"count":1,"href":"https:\/\/www.lesmaconsdelacreuse.fr\/annuaires\/wp-json\/wp\/v2\/posts\/12210\/revisions"}],"predecessor-version":[{"id":203591,"href":"https:\/\/www.lesmaconsdelacreuse.fr\/annuaires\/wp-json\/wp\/v2\/posts\/12210\/revisions\/203591"}],"wp:attachment":[{"href":"https:\/\/www.lesmaconsdelacreuse.fr\/annuaires\/wp-json\/wp\/v2\/media?parent=12210"}],"wp:term":[{"taxonomy":"category","embeddable":true,"href":"https:\/\/www.lesmaconsdelacreuse.fr\/annuaires\/wp-json\/wp\/v2\/categories?post=12210"},{"taxonomy":"post_tag","embeddable":true,"href":"https:\/\/www.lesmaconsdelacreuse.fr\/annuaires\/wp-json\/wp\/v2\/tags?post=12210"}],"curies":[{"name":"wp","href":"https:\/\/api.w.org\/{rel}","templated":true}]}}