{"id":12212,"date":"2019-07-28T16:14:20","date_gmt":"2019-07-28T14:14:20","guid":{"rendered":"http:\/\/lesmaconsdelacreuse.fr\/annuaire\/?p=12212"},"modified":"2020-01-20T11:23:44","modified_gmt":"2020-01-20T10:23:44","slug":"t_265","status":"publish","type":"post","link":"https:\/\/www.lesmaconsdelacreuse.fr\/annuaires\/lettre-t\/t_265\/","title":{"rendered":"TIXIER Joseph (1840-1896)"},"content":{"rendered":"<p class=\"last-updated\"><strong>Mis \u00e0 jour le :<\/strong> 29\/04\/2026<\/p><h2 style=\"text-align: center;\"><strong>Joseph TIXIER<\/strong><\/h2>\n<p style=\"text-align: center;\"><strong>1840 \u2013 1896<\/strong><\/p>\n<p style=\"text-align: center;\"><img decoding=\"async\" title=\"\" src=\"https:\/\/lesmaconsdelacreuse.fr\/annuaire\/wp-content\/uploads\/2019\/07\/image1-2881.jpg\" alt=\"\" data-asset-id=\"12211\" data-source-id=\"i.0\" \/><\/p>\n<h4 style=\"text-align: center;\"><span style=\"color: #008000;\"><strong>ma\u00e7on<\/strong><\/span><\/h4>\n<p style=\"text-align: center;\">n\u00e9 aux Bordes (Roy\u00e8re)<\/p>\n<p style=\"text-align: center;\">le 21 janvier 1840<\/p>\n<p style=\"text-align: center;\">fils de<\/p>\n<p style=\"text-align: center;\">Pierre TIXIER, <span style=\"color: #008000;\"><strong>ma\u00e7on<\/strong><\/span><\/p>\n<p style=\"text-align: center;\">Jeanne CUISINAUD, cultivatrice<\/p>\n<p style=\"text-align: center;\"><span style=\"color: #ffffff;\">\u25d9<\/span><\/p>\n<p><em>Joseph \u00e9pouse Jeanne <\/em><strong>JEANSANETAS<\/strong><em> le 21 avril <\/em><strong>1867<\/strong><em> \u00e0 Roy\u00e8re (contrat Toumieux). Les \u00e9poux vivent d\u2019abord \u00e0 Roy\u00e8re. <\/em><\/p>\n<p><strong>En 1892<\/strong><em>, ils sont \u00e0 <\/em><span style=\"color: #0000ff;\"><strong>Lyon (69)<\/strong><\/span><em>, 258, rue Paul Bert\u00a0;<\/em><\/p>\n<p><strong>en 1894<\/strong><em>, 70, chemin de Baraban.<\/em><\/p>\n<p><em>Ils d\u00e9c\u00e8dent tous deux \u00e0 Lyon 3e\u00a0:<\/em><\/p>\n<ul>\n<li><em>Joseph, le 29 septembre <\/em><strong>1896<\/strong><em>, \u00e2g\u00e9 de 56 ans, habitant avec sa famille \u00e0 l\u2019adresse pr\u00e9c\u00e9dente<\/em><\/li>\n<li><em> Jeanne, le 31 octobre <\/em><strong>1898<\/strong><em>, \u00e2g\u00e9e de 54 ans, 254, rue Paul Bert, chez son fils Pierre<\/em><\/li>\n<\/ul>\n","protected":false},"excerpt":{"rendered":"<p>Mis \u00e0 jour le : 29\/04\/2026Joseph TIXIER 1840 \u2013 1896 ma\u00e7on n\u00e9 aux Bordes (Roy\u00e8re) le 21 janvier 1840 fils de Pierre TIXIER, ma\u00e7on Jeanne CUISINAUD, cultivatrice \u25d9 Joseph \u00e9pouse Jeanne JEANSANETAS le 21 avril 1867 \u00e0 Roy\u00e8re (contrat Toumieux). Les \u00e9poux vivent d\u2019abord \u00e0 Roy\u00e8re. En 1892, ils sont \u00e0 Lyon (69), 258, rue ..<\/p>\n<div class=\"clear-fix\"><\/div>\n<p><a href=\"https:\/\/www.lesmaconsdelacreuse.fr\/annuaires\/lettre-t\/t_265\/\" title=\"Lire la suite...\">Lire la suite<\/a><\/p>\n","protected":false},"author":2,"featured_media":0,"comment_status":"closed","ping_status":"closed","sticky":false,"template":"","format":"standard","meta":{"_acf_changed":false,"_exactmetrics_skip_tracking":false,"_exactmetrics_sitenote_active":false,"_exactmetrics_sitenote_note":"","_exactmetrics_sitenote_category":0,"footnotes":""},"categories":[13],"tags":[],"class_list":["post-12212","post","type-post","status-publish","format-standard","hentry","category-lettre-t"],"acf":[],"_links":{"self":[{"href":"https:\/\/www.lesmaconsdelacreuse.fr\/annuaires\/wp-json\/wp\/v2\/posts\/12212","targetHints":{"allow":["GET"]}}],"collection":[{"href":"https:\/\/www.lesmaconsdelacreuse.fr\/annuaires\/wp-json\/wp\/v2\/posts"}],"about":[{"href":"https:\/\/www.lesmaconsdelacreuse.fr\/annuaires\/wp-json\/wp\/v2\/types\/post"}],"author":[{"embeddable":true,"href":"https:\/\/www.lesmaconsdelacreuse.fr\/annuaires\/wp-json\/wp\/v2\/users\/2"}],"replies":[{"embeddable":true,"href":"https:\/\/www.lesmaconsdelacreuse.fr\/annuaires\/wp-json\/wp\/v2\/comments?post=12212"}],"version-history":[{"count":0,"href":"https:\/\/www.lesmaconsdelacreuse.fr\/annuaires\/wp-json\/wp\/v2\/posts\/12212\/revisions"}],"wp:attachment":[{"href":"https:\/\/www.lesmaconsdelacreuse.fr\/annuaires\/wp-json\/wp\/v2\/media?parent=12212"}],"wp:term":[{"taxonomy":"category","embeddable":true,"href":"https:\/\/www.lesmaconsdelacreuse.fr\/annuaires\/wp-json\/wp\/v2\/categories?post=12212"},{"taxonomy":"post_tag","embeddable":true,"href":"https:\/\/www.lesmaconsdelacreuse.fr\/annuaires\/wp-json\/wp\/v2\/tags?post=12212"}],"curies":[{"name":"wp","href":"https:\/\/api.w.org\/{rel}","templated":true}]}}