{"id":12214,"date":"2019-07-28T16:14:20","date_gmt":"2019-07-28T14:14:20","guid":{"rendered":"http:\/\/lesmaconsdelacreuse.fr\/annuaire\/?p=12214"},"modified":"2020-10-04T09:37:33","modified_gmt":"2020-10-04T07:37:33","slug":"t_258","status":"publish","type":"post","link":"https:\/\/www.lesmaconsdelacreuse.fr\/annuaires\/lettre-t\/t_258\/","title":{"rendered":"TIXIER Jean (1879-1951)"},"content":{"rendered":"<p class=\"last-updated\"><strong>Mis \u00e0 jour le :<\/strong> 29\/04\/2026<\/p><h2 style=\"text-align: center;\"><strong>Jean TIXIER<\/strong><\/h2>\n<p style=\"text-align: center;\"><strong>1879 \u2013 1951<\/strong><\/p>\n<p style=\"text-align: center;\"><img decoding=\"async\" title=\"\" src=\"https:\/\/lesmaconsdelacreuse.fr\/annuaire\/wp-content\/uploads\/2019\/07\/image1-2882.jpg\" alt=\"\" data-asset-id=\"12213\" data-source-id=\"i.0\" \/><\/p>\n<h4 style=\"text-align: center;\"><span style=\"color: #008000;\"><strong>ma\u00e7on<\/strong> puis\u00a0<em><strong>\u25ba<\/strong><strong><a href=\"https:\/\/www.lesmaconsdelacreuse.fr\/annuaires\/wp-content\/uploads\/2020\/07\/FUMISTE.png\" target=\"_blank\" rel=\"noopener noreferrer\"><span style=\"color: #008000;\">fumiste<\/span><\/a><\/strong><\/em><strong> industrie<\/strong>l;\u00a0<strong>cultivateur<\/strong><\/span><\/h4>\n<p>&nbsp;<\/p>\n<p style=\"text-align: center;\">n\u00e9 \u00e0 Haute-Faye (Roy\u00e8re)<\/p>\n<p style=\"text-align: center;\">le 9 novembre 1879<\/p>\n<p style=\"text-align: center;\">fils de<\/p>\n<p style=\"text-align: center;\">Andr\u00e9 TIXIER, <span style=\"color: #008000;\"><strong>ma\u00e7on <span style=\"color: #008000;\">\/ <\/span><\/strong><\/span>Marie Alexandrine JANDON<\/p>\n<p style=\"text-align: center;\">propri\u00e9taires cultivateurs<\/p>\n<p style=\"text-align: center;\"><span style=\"color: #ffffff;\">\u25d9<\/span><\/p>\n<p><strong>En 1900<\/strong><em>, Jean, <\/em><span style=\"color: #008000;\"><strong>ma\u00e7on<\/strong><\/span><em>, travaille dans le <\/em><span style=\"color: #0000ff;\"><strong>Rh\u00f4ne (69)<\/strong><\/span><em>, et y passe le conseil de r\u00e9vision. Il est ajourn\u00e9 pour d\u00e9faut de taille (1m48).<\/em><\/p>\n<p><strong>En 1902<\/strong><em>, il vers\u00e9 dans les services auxiliaires, ayant toujours la m\u00eame taille.<\/em><\/p>\n<p><strong>En 1907<\/strong><em>, il est \u00e0 <\/em><span style=\"color: #0000ff;\"><strong>Saint-Trivier-de-Courtes (01)<\/strong><\/span><em>.<\/em><\/p>\n<p><span style=\"color: #008000;\"><strong>Fumiste<\/strong><\/span><em>, il \u00e9pouse Victoria Henriette Fran\u00e7oise <\/em><strong>CHABROUTY<\/strong><em> le 23 janvier <\/em><strong>1908<\/strong><em> \u00e0 Roy\u00e8re (mari\u00e9s sans contrat). Ils habitent Grandjanon, commune de Saint-Pierre-Bellevue.<\/em><\/p>\n<p><em>Ils d\u00e9c\u00e8dent\u00a0:<\/em><\/p>\n<ul>\n<li><em>Jean, \u00e0 Grandjanon, le 1er juin <\/em><strong>1951<\/strong><em>, \u00e2g\u00e9 de 71 ans<\/em><\/li>\n<li><em>Victoria, \u00e0 Hautpoul, commune de Mazamet (81), le 11 ao\u00fbt <\/em><strong>1966<\/strong><em>, \u00e2g\u00e9e de 74 ans, chez son fils Marcel, ma\u00e7on<\/em><\/li>\n<\/ul>\n<p>&nbsp;<\/p>\n","protected":false},"excerpt":{"rendered":"<p>Mis \u00e0 jour le : 29\/04\/2026Jean TIXIER 1879 \u2013 1951 ma\u00e7on puis\u00a0\u25bafumiste industriel;\u00a0cultivateur &nbsp; n\u00e9 \u00e0 Haute-Faye (Roy\u00e8re) le 9 novembre 1879 fils de Andr\u00e9 TIXIER, ma\u00e7on \/ Marie Alexandrine JANDON propri\u00e9taires cultivateurs \u25d9 En 1900, Jean, ma\u00e7on, travaille dans le Rh\u00f4ne (69), et y passe le conseil de r\u00e9vision. Il est ajourn\u00e9 pour d\u00e9faut ..<\/p>\n<div class=\"clear-fix\"><\/div>\n<p><a href=\"https:\/\/www.lesmaconsdelacreuse.fr\/annuaires\/lettre-t\/t_258\/\" title=\"Lire la suite...\">Lire la suite<\/a><\/p>\n","protected":false},"author":2,"featured_media":0,"comment_status":"closed","ping_status":"closed","sticky":false,"template":"","format":"standard","meta":{"_acf_changed":false,"_exactmetrics_skip_tracking":false,"_exactmetrics_sitenote_active":false,"_exactmetrics_sitenote_note":"","_exactmetrics_sitenote_category":0,"footnotes":""},"categories":[13],"tags":[],"class_list":["post-12214","post","type-post","status-publish","format-standard","hentry","category-lettre-t"],"acf":[],"_links":{"self":[{"href":"https:\/\/www.lesmaconsdelacreuse.fr\/annuaires\/wp-json\/wp\/v2\/posts\/12214","targetHints":{"allow":["GET"]}}],"collection":[{"href":"https:\/\/www.lesmaconsdelacreuse.fr\/annuaires\/wp-json\/wp\/v2\/posts"}],"about":[{"href":"https:\/\/www.lesmaconsdelacreuse.fr\/annuaires\/wp-json\/wp\/v2\/types\/post"}],"author":[{"embeddable":true,"href":"https:\/\/www.lesmaconsdelacreuse.fr\/annuaires\/wp-json\/wp\/v2\/users\/2"}],"replies":[{"embeddable":true,"href":"https:\/\/www.lesmaconsdelacreuse.fr\/annuaires\/wp-json\/wp\/v2\/comments?post=12214"}],"version-history":[{"count":0,"href":"https:\/\/www.lesmaconsdelacreuse.fr\/annuaires\/wp-json\/wp\/v2\/posts\/12214\/revisions"}],"wp:attachment":[{"href":"https:\/\/www.lesmaconsdelacreuse.fr\/annuaires\/wp-json\/wp\/v2\/media?parent=12214"}],"wp:term":[{"taxonomy":"category","embeddable":true,"href":"https:\/\/www.lesmaconsdelacreuse.fr\/annuaires\/wp-json\/wp\/v2\/categories?post=12214"},{"taxonomy":"post_tag","embeddable":true,"href":"https:\/\/www.lesmaconsdelacreuse.fr\/annuaires\/wp-json\/wp\/v2\/tags?post=12214"}],"curies":[{"name":"wp","href":"https:\/\/api.w.org\/{rel}","templated":true}]}}