{"id":12216,"date":"2019-07-28T16:14:20","date_gmt":"2019-07-28T14:14:20","guid":{"rendered":"http:\/\/lesmaconsdelacreuse.fr\/annuaire\/?p=12216"},"modified":"2020-02-11T12:14:11","modified_gmt":"2020-02-11T11:14:11","slug":"t_322","status":"publish","type":"post","link":"https:\/\/www.lesmaconsdelacreuse.fr\/annuaires\/lettre-t\/t_322\/","title":{"rendered":"TOUNY Jean (1821-1877)"},"content":{"rendered":"<p class=\"last-updated\"><strong>Mis \u00e0 jour le :<\/strong> 29\/04\/2026<\/p><h2 style=\"text-align: center;\"><strong>Jean TOUNY<\/strong><\/h2>\n<p style=\"text-align: center;\"><strong>1821 \u2013 1877<\/strong><\/p>\n<p style=\"text-align: center;\"><img decoding=\"async\" title=\"\" src=\"https:\/\/lesmaconsdelacreuse.fr\/annuaire\/wp-content\/uploads\/2019\/07\/image1-2883.jpg\" alt=\"\" data-asset-id=\"12215\" data-source-id=\"i.0\" \/><\/p>\n<h4 style=\"text-align: center;\"><span style=\"color: #008000;\"><strong>ma\u00e7on<\/strong><\/span><\/h4>\n<p style=\"text-align: center;\">n\u00e9 \u00e0 Haute-Faye (Roy\u00e8re)<\/p>\n<p style=\"text-align: center;\">le 14 octobre 1821<\/p>\n<p style=\"text-align: center;\">fils de<\/p>\n<p style=\"text-align: center;\">L\u00e9onard TOUNY \/ Catherine DETH\u00c8VE<\/p>\n<p style=\"text-align: center;\">propri\u00e9taires cultivateurs<\/p>\n<p style=\"text-align: center;\"><span style=\"color: #ffffff;\">\u25d9<\/span><\/p>\n<p><strong>En 1850<\/strong><em>, Jean travaille \u00e0 <\/em><span style=\"color: #0000ff;\"><strong>Lyon (69)<\/strong><\/span><em> et loge 65, rue de Trion. <\/em><\/p>\n<p><em>Le 9 f\u00e9vrier de la m\u00eame ann\u00e9e, il y \u00e9pouse Marie <\/em><strong>FANTON<\/strong><em>, tailleuse en robes.<\/em><\/p>\n<p><strong>En 1852 et 1853<\/strong><em>, le couple habite 43, rue de Trion\u00a0;<\/em><\/p>\n<p><strong>en \u00a01860<\/strong><em>, au 56 de la m\u00eame rue\u00a0;<\/em><\/p>\n<p><strong>en 1877<\/strong><em>, 22, rue d\u2019Enghien, 2e arrondissement, chez M. Berger.<\/em><\/p>\n<p><em> Jean d\u00e9c\u00e8de \u00e0 \u25ba<a target=\"_blank\"href=\"https:\/\/www.lesmaconsdelacreuse.fr\/annuaires\/\/wp-content\/uploads\/PHOTOS_-_CARTES_POSTALES\/LYON_-_Hopital_de_lHotel-Dieu.jpg\">l\u2019H\u00f4tel-Dieu<\/a> le 30 octobre de la m\u00eame ann\u00e9e, \u00e2g\u00e9 de 56 ans, <\/em><\/p>\n<p><em> Sa veuve se remarie avec Jules Hippolyte CHAMPETIER et d\u00e9c\u00e8de au 3e arrondissement, le 3 ao\u00fbt 1900, \u00e2g\u00e9e de 70 ans.<\/em><\/p>\n","protected":false},"excerpt":{"rendered":"<p>Mis \u00e0 jour le : 29\/04\/2026Jean TOUNY 1821 \u2013 1877 ma\u00e7on n\u00e9 \u00e0 Haute-Faye (Roy\u00e8re) le 14 octobre 1821 fils de L\u00e9onard TOUNY \/ Catherine DETH\u00c8VE propri\u00e9taires cultivateurs \u25d9 En 1850, Jean travaille \u00e0 Lyon (69) et loge 65, rue de Trion. Le 9 f\u00e9vrier de la m\u00eame ann\u00e9e, il y \u00e9pouse Marie FANTON, tailleuse ..<\/p>\n<div class=\"clear-fix\"><\/div>\n<p><a href=\"https:\/\/www.lesmaconsdelacreuse.fr\/annuaires\/lettre-t\/t_322\/\" title=\"Lire la suite...\">Lire la suite<\/a><\/p>\n","protected":false},"author":2,"featured_media":0,"comment_status":"closed","ping_status":"closed","sticky":false,"template":"","format":"standard","meta":{"_acf_changed":false,"_exactmetrics_skip_tracking":false,"_exactmetrics_sitenote_active":false,"_exactmetrics_sitenote_note":"","_exactmetrics_sitenote_category":0,"footnotes":""},"categories":[13],"tags":[],"class_list":["post-12216","post","type-post","status-publish","format-standard","hentry","category-lettre-t"],"acf":[],"_links":{"self":[{"href":"https:\/\/www.lesmaconsdelacreuse.fr\/annuaires\/wp-json\/wp\/v2\/posts\/12216","targetHints":{"allow":["GET"]}}],"collection":[{"href":"https:\/\/www.lesmaconsdelacreuse.fr\/annuaires\/wp-json\/wp\/v2\/posts"}],"about":[{"href":"https:\/\/www.lesmaconsdelacreuse.fr\/annuaires\/wp-json\/wp\/v2\/types\/post"}],"author":[{"embeddable":true,"href":"https:\/\/www.lesmaconsdelacreuse.fr\/annuaires\/wp-json\/wp\/v2\/users\/2"}],"replies":[{"embeddable":true,"href":"https:\/\/www.lesmaconsdelacreuse.fr\/annuaires\/wp-json\/wp\/v2\/comments?post=12216"}],"version-history":[{"count":0,"href":"https:\/\/www.lesmaconsdelacreuse.fr\/annuaires\/wp-json\/wp\/v2\/posts\/12216\/revisions"}],"wp:attachment":[{"href":"https:\/\/www.lesmaconsdelacreuse.fr\/annuaires\/wp-json\/wp\/v2\/media?parent=12216"}],"wp:term":[{"taxonomy":"category","embeddable":true,"href":"https:\/\/www.lesmaconsdelacreuse.fr\/annuaires\/wp-json\/wp\/v2\/categories?post=12216"},{"taxonomy":"post_tag","embeddable":true,"href":"https:\/\/www.lesmaconsdelacreuse.fr\/annuaires\/wp-json\/wp\/v2\/tags?post=12216"}],"curies":[{"name":"wp","href":"https:\/\/api.w.org\/{rel}","templated":true}]}}