{"id":12218,"date":"2019-07-28T16:14:20","date_gmt":"2019-07-28T14:14:20","guid":{"rendered":"http:\/\/lesmaconsdelacreuse.fr\/annuaire\/?p=12218"},"modified":"2020-09-28T14:01:18","modified_gmt":"2020-09-28T12:01:18","slug":"t_315","status":"publish","type":"post","link":"https:\/\/www.lesmaconsdelacreuse.fr\/annuaires\/lettre-t\/t_315\/","title":{"rendered":"TOUNY Fran\u00e7ois (1843-1911)"},"content":{"rendered":"<p class=\"last-updated\"><strong>Mis \u00e0 jour le :<\/strong> 29\/04\/2026<\/p><h2 style=\"text-align: center;\"><strong>Fran\u00e7ois TOUNY<\/strong><\/h2>\n<p style=\"text-align: center;\"><strong>1843 \u2013 1911<\/strong><\/p>\n<p style=\"text-align: center;\"><img decoding=\"async\" title=\"\" src=\"https:\/\/lesmaconsdelacreuse.fr\/annuaire\/wp-content\/uploads\/2019\/07\/image1-2884.jpg\" alt=\"\" data-asset-id=\"12217\" data-source-id=\"i.0\" \/><\/p>\n<h4 style=\"text-align: center;\"><span style=\"color: #008000;\"><strong>ma\u00e7on <\/strong>et<strong> cultivateur<\/strong><\/span><\/h4>\n<p>&nbsp;<\/p>\n<p style=\"text-align: center;\">n\u00e9 \u00e0 Haute-Faye (Roy\u00e8re)<\/p>\n<p style=\"text-align: center;\">le 8 mars 1843<\/p>\n<p style=\"text-align: center;\">fils de<\/p>\n<p style=\"text-align: center;\">Fran\u00e7ois TOUNY, <span style=\"color: #008000;\"><strong>ma\u00e7on<\/strong><\/span> et meunier<\/p>\n<p style=\"text-align: center;\">Marie LECLERC<\/p>\n<p style=\"text-align: center;\">propri\u00e9taires cultivateurs<\/p>\n<p style=\"text-align: center;\"><span style=\"color: #ffffff;\">\u25d9<\/span><\/p>\n<p><strong>En 1864<\/strong><em>, Fran\u00e7ois, p\u00e8re de Fran\u00e7ois, verse 500 F \u00e0 une \u25ba<a href=\"https:\/\/www.lesmaconsdelacreuse.fr\/annuaires\/wp-content\/uploads\/2020\/08\/BOURSE-ou-TONTINE.png\" target=\"_blank\" rel=\"noopener noreferrer\">tontine<\/a>, au cas o\u00f9 son fils tirerait un mauvais num\u00e9ro pour le service militaire.<\/em><\/p>\n<p><em>Fran\u00e7ois \u00e9pouse Marie <\/em><strong>LH\u00c9RITIER<\/strong><em>, sa belle-s\u0153ur, veuve de Jean, le 9 f\u00e9vrier <\/em><strong>1874<\/strong><em> \u00e0 Roy\u00e8re (contrat Toumieux \u2013 mariage autoris\u00e9 par d\u00e9cret du Pr\u00e9sident de la R\u00e9publique).<\/em><\/p>\n<p><em> Ils habitent Haute-Faye. <\/em><\/p>\n<p><strong>En 1888<\/strong><em>, Fran\u00e7ois est \u00e0 <\/em><span style=\"color: #0000ff;\"><strong>Saint-Genis-Laval (69)<\/strong><\/span><em> et habite 18, Chemin Saint-Antoine.<\/em><\/p>\n<p><em>Il d\u00e9c\u00e8de \u00e0 Haute-Faye le 21 mai <\/em><strong>1911<\/strong><em>, \u00e2g\u00e9 de 68 ans.<\/em><\/p>\n<p>&nbsp;<\/p>\n","protected":false},"excerpt":{"rendered":"<p>Mis \u00e0 jour le : 29\/04\/2026Fran\u00e7ois TOUNY 1843 \u2013 1911 ma\u00e7on et cultivateur &nbsp; n\u00e9 \u00e0 Haute-Faye (Roy\u00e8re) le 8 mars 1843 fils de Fran\u00e7ois TOUNY, ma\u00e7on et meunier Marie LECLERC propri\u00e9taires cultivateurs \u25d9 En 1864, Fran\u00e7ois, p\u00e8re de Fran\u00e7ois, verse 500 F \u00e0 une \u25batontine, au cas o\u00f9 son fils tirerait un mauvais num\u00e9ro ..<\/p>\n<div class=\"clear-fix\"><\/div>\n<p><a href=\"https:\/\/www.lesmaconsdelacreuse.fr\/annuaires\/lettre-t\/t_315\/\" title=\"Lire la suite...\">Lire la suite<\/a><\/p>\n","protected":false},"author":2,"featured_media":0,"comment_status":"closed","ping_status":"closed","sticky":false,"template":"","format":"standard","meta":{"_acf_changed":false,"_exactmetrics_skip_tracking":false,"_exactmetrics_sitenote_active":false,"_exactmetrics_sitenote_note":"","_exactmetrics_sitenote_category":0,"footnotes":""},"categories":[13],"tags":[],"class_list":["post-12218","post","type-post","status-publish","format-standard","hentry","category-lettre-t"],"acf":[],"_links":{"self":[{"href":"https:\/\/www.lesmaconsdelacreuse.fr\/annuaires\/wp-json\/wp\/v2\/posts\/12218","targetHints":{"allow":["GET"]}}],"collection":[{"href":"https:\/\/www.lesmaconsdelacreuse.fr\/annuaires\/wp-json\/wp\/v2\/posts"}],"about":[{"href":"https:\/\/www.lesmaconsdelacreuse.fr\/annuaires\/wp-json\/wp\/v2\/types\/post"}],"author":[{"embeddable":true,"href":"https:\/\/www.lesmaconsdelacreuse.fr\/annuaires\/wp-json\/wp\/v2\/users\/2"}],"replies":[{"embeddable":true,"href":"https:\/\/www.lesmaconsdelacreuse.fr\/annuaires\/wp-json\/wp\/v2\/comments?post=12218"}],"version-history":[{"count":0,"href":"https:\/\/www.lesmaconsdelacreuse.fr\/annuaires\/wp-json\/wp\/v2\/posts\/12218\/revisions"}],"wp:attachment":[{"href":"https:\/\/www.lesmaconsdelacreuse.fr\/annuaires\/wp-json\/wp\/v2\/media?parent=12218"}],"wp:term":[{"taxonomy":"category","embeddable":true,"href":"https:\/\/www.lesmaconsdelacreuse.fr\/annuaires\/wp-json\/wp\/v2\/categories?post=12218"},{"taxonomy":"post_tag","embeddable":true,"href":"https:\/\/www.lesmaconsdelacreuse.fr\/annuaires\/wp-json\/wp\/v2\/tags?post=12218"}],"curies":[{"name":"wp","href":"https:\/\/api.w.org\/{rel}","templated":true}]}}