{"id":12220,"date":"2019-07-28T16:14:20","date_gmt":"2019-07-28T14:14:20","guid":{"rendered":"http:\/\/lesmaconsdelacreuse.fr\/annuaire\/?p=12220"},"modified":"2020-01-20T11:23:44","modified_gmt":"2020-01-20T10:23:44","slug":"t_277","status":"publish","type":"post","link":"https:\/\/www.lesmaconsdelacreuse.fr\/annuaires\/lettre-t\/t_277\/","title":{"rendered":"TEXIER Louis (1883-1968)"},"content":{"rendered":"<p class=\"last-updated\"><strong>Mis \u00e0 jour le :<\/strong> 29\/04\/2026<\/p><h2 style=\"text-align: center;\"><strong>Louis TEXIER<\/strong><\/h2>\n<p style=\"text-align: center;\"><strong>1883 \u2013 1968<\/strong><\/p>\n<p style=\"text-align: center;\"><img decoding=\"async\" title=\"\" src=\"https:\/\/lesmaconsdelacreuse.fr\/annuaire\/wp-content\/uploads\/2019\/07\/image1-2885.jpg\" alt=\"\" data-asset-id=\"12219\" data-source-id=\"i.0\" \/><\/p>\n<h4 style=\"text-align: center;\"><span style=\"color: #008000;\"><strong>ma\u00e7on<\/strong><\/span><\/h4>\n<p style=\"text-align: center;\">n\u00e9 \u00e0 Grand-Vaux (Bujaleuf \u2013 87)<\/p>\n<p style=\"text-align: center;\">le 29 mars 1883<\/p>\n<p style=\"text-align: center;\">fils de<\/p>\n<p style=\"text-align: center;\">Jean TEXIER \/ Marie-Anne MATHIEU<\/p>\n<p style=\"text-align: center;\">cultivateurs<\/p>\n<p style=\"text-align: center;\"><span style=\"color: #ffffff;\">\u25d9<\/span><\/p>\n<p><strong>En 1904<\/strong><em>, Louis domicili\u00e9 \u00e0 Langladure avec ses parents, commune de Roy\u00e8re, travaille dans la <\/em><span style=\"color: #0000ff;\"><strong>Marne<\/strong> <strong>(51)<\/strong><\/span><em>, et y passe le conseil de r\u00e9vision.<\/em><\/p>\n<p><em>Il \u00e9pouse Marie <\/em><strong>MATHIEU<\/strong><em> le 13 f\u00e9vrier <\/em><strong>1909<\/strong><em> \u00e0 Saint-Martin-Ch\u00e2teau (mari\u00e9s sans contrat). <\/em><\/p>\n<p><strong>En 1910<\/strong><em>, il habite <\/em><span style=\"color: #0000ff;\"><strong>Thierville (55)<\/strong><\/span><em><span style=\"color: #0000ff;\">\u00a0<\/span>;<\/em><\/p>\n<p><strong>en 1914<\/strong><em>, <\/em><span style=\"color: #0000ff;\"><strong>Verdun (55)<\/strong><\/span><em>, 16, rue du G\u00e9n\u00e9ral Lemaire\u00a0;<\/em><\/p>\n<p><strong>en 1920<\/strong><em>, la r\u00e9gion de <\/em><span style=\"color: #0000ff;\"><strong>Bar-le-Duc<\/strong> <strong>(55)<\/strong><\/span><em>. <\/em><\/p>\n<p><em>Il d\u00e9c\u00e8de \u00e0 Verdun le 14 novembre <\/em><strong>1968<\/strong><em>, \u00e2g\u00e9 de 85 ans.<\/em><\/p>\n","protected":false},"excerpt":{"rendered":"<p>Mis \u00e0 jour le : 29\/04\/2026Louis TEXIER 1883 \u2013 1968 ma\u00e7on n\u00e9 \u00e0 Grand-Vaux (Bujaleuf \u2013 87) le 29 mars 1883 fils de Jean TEXIER \/ Marie-Anne MATHIEU cultivateurs \u25d9 En 1904, Louis domicili\u00e9 \u00e0 Langladure avec ses parents, commune de Roy\u00e8re, travaille dans la Marne (51), et y passe le conseil de r\u00e9vision. Il ..<\/p>\n<div class=\"clear-fix\"><\/div>\n<p><a href=\"https:\/\/www.lesmaconsdelacreuse.fr\/annuaires\/lettre-t\/t_277\/\" title=\"Lire la suite...\">Lire la suite<\/a><\/p>\n","protected":false},"author":2,"featured_media":0,"comment_status":"closed","ping_status":"closed","sticky":false,"template":"","format":"standard","meta":{"_acf_changed":false,"_exactmetrics_skip_tracking":false,"_exactmetrics_sitenote_active":false,"_exactmetrics_sitenote_note":"","_exactmetrics_sitenote_category":0,"footnotes":""},"categories":[13],"tags":[],"class_list":["post-12220","post","type-post","status-publish","format-standard","hentry","category-lettre-t"],"acf":[],"_links":{"self":[{"href":"https:\/\/www.lesmaconsdelacreuse.fr\/annuaires\/wp-json\/wp\/v2\/posts\/12220","targetHints":{"allow":["GET"]}}],"collection":[{"href":"https:\/\/www.lesmaconsdelacreuse.fr\/annuaires\/wp-json\/wp\/v2\/posts"}],"about":[{"href":"https:\/\/www.lesmaconsdelacreuse.fr\/annuaires\/wp-json\/wp\/v2\/types\/post"}],"author":[{"embeddable":true,"href":"https:\/\/www.lesmaconsdelacreuse.fr\/annuaires\/wp-json\/wp\/v2\/users\/2"}],"replies":[{"embeddable":true,"href":"https:\/\/www.lesmaconsdelacreuse.fr\/annuaires\/wp-json\/wp\/v2\/comments?post=12220"}],"version-history":[{"count":0,"href":"https:\/\/www.lesmaconsdelacreuse.fr\/annuaires\/wp-json\/wp\/v2\/posts\/12220\/revisions"}],"wp:attachment":[{"href":"https:\/\/www.lesmaconsdelacreuse.fr\/annuaires\/wp-json\/wp\/v2\/media?parent=12220"}],"wp:term":[{"taxonomy":"category","embeddable":true,"href":"https:\/\/www.lesmaconsdelacreuse.fr\/annuaires\/wp-json\/wp\/v2\/categories?post=12220"},{"taxonomy":"post_tag","embeddable":true,"href":"https:\/\/www.lesmaconsdelacreuse.fr\/annuaires\/wp-json\/wp\/v2\/tags?post=12220"}],"curies":[{"name":"wp","href":"https:\/\/api.w.org\/{rel}","templated":true}]}}