{"id":12224,"date":"2019-07-28T16:14:19","date_gmt":"2019-07-28T14:14:19","guid":{"rendered":"http:\/\/lesmaconsdelacreuse.fr\/annuaire\/?p=12224"},"modified":"2020-10-11T14:03:49","modified_gmt":"2020-10-11T12:03:49","slug":"t_310","status":"publish","type":"post","link":"https:\/\/www.lesmaconsdelacreuse.fr\/annuaires\/lettre-t\/t_310\/","title":{"rendered":"TOUMIEUX Pierre (1726-1810)"},"content":{"rendered":"<p class=\"last-updated\"><strong>Mis \u00e0 jour le :<\/strong> 29\/04\/2026<\/p><h2 style=\"text-align: center;\"><strong>Pierre TOUMIEUX<\/strong><\/h2>\n<p style=\"text-align: center;\"><strong>1726 &#8211; 1810<\/strong><\/p>\n<p style=\"text-align: center;\"><img decoding=\"async\" title=\"\" src=\"https:\/\/lesmaconsdelacreuse.fr\/annuaire\/wp-content\/uploads\/2019\/07\/image1-2886.jpg\" alt=\"\" data-asset-id=\"12223\" data-source-id=\"i.0\" \/><\/p>\n<h4 style=\"text-align: center;\"><span style=\"color: #008000;\"><strong>ma\u00e7on<\/strong>; <strong>laboureur <\/strong>et<strong> \u25ba<a href=\"https:\/\/www.lesmaconsdelacreuse.fr\/annuaires\/wp-content\/uploads\/2020\/08\/FERMIER-M\u00c9TAYER.png\" target=\"_blank\" rel=\"noopener noreferrer\"><span style=\"color: #008000;\">m\u00e9tayer<\/span><\/a><br \/>\n<\/strong><\/span><\/h4>\n<p>&nbsp;<\/p>\n<p style=\"text-align: center;\">n\u00e9 \u00e0 Masgrangeas (Roy\u00e8re)<\/p>\n<p style=\"text-align: center;\">le 11 d\u00e9cembre 1726<\/p>\n<p style=\"text-align: center;\">fils de<\/p>\n<p style=\"text-align: center;\">Martial TOUMIEUX \/ Marie VIEILLAUD<\/p>\n<p style=\"text-align: center;\">laboureurs<\/p>\n<p style=\"text-align: center;\"><span style=\"color: #ffffff;\">\u25d9<\/span><\/p>\n<p><em>Pierre \u00e9pouse L\u00e9onarde <\/em><strong>MARTIN<\/strong><em> le 6 f\u00e9vrier <\/em><strong>1747<\/strong><em> \u00e0 Roy\u00e8re (contrat Coutisson \u00e0 Roy\u00e8re). Ils habitent Masgrangeas.<\/em><\/p>\n<p><em>L\u00e9onarde y d\u00e9c\u00e8de le 8 f\u00e9vrier <\/em><strong>1755<\/strong><em>, \u00e2g\u00e9e de 22 ans.<\/em><\/p>\n<p><em>Pierre se remarie le 23 f\u00e9vrier <\/em><strong>1756<\/strong><em> \u00e0 Saint-Marc-\u00e0-Loubaud avec Marguerite <\/em><strong>LACLUCQUE<\/strong><em> (contrat Coutisson \u00e0 Roy\u00e8re). Ils habitent aussi Masgrangeas.<\/em><\/p>\n<p><em>Ils y d\u00e9c\u00e8dent\u00a0:<\/em><\/p>\n<ul>\n<li><em>Marguerite, inhum\u00e9e le 12 mai <\/em><strong>1783<\/strong><em>, \u00e2g\u00e9e de 48 ans environ<\/em><\/li>\n<li><em>Pierre, le 11 mai <\/em><strong>1810<\/strong><em>, \u00e2g\u00e9 de 83 ans<\/em><\/li>\n<\/ul>\n<p>&nbsp;<\/p>\n","protected":false},"excerpt":{"rendered":"<p>Mis \u00e0 jour le : 29\/04\/2026Pierre TOUMIEUX 1726 &#8211; 1810 ma\u00e7on; laboureur et \u25bam\u00e9tayer &nbsp; n\u00e9 \u00e0 Masgrangeas (Roy\u00e8re) le 11 d\u00e9cembre 1726 fils de Martial TOUMIEUX \/ Marie VIEILLAUD laboureurs \u25d9 Pierre \u00e9pouse L\u00e9onarde MARTIN le 6 f\u00e9vrier 1747 \u00e0 Roy\u00e8re (contrat Coutisson \u00e0 Roy\u00e8re). Ils habitent Masgrangeas. L\u00e9onarde y d\u00e9c\u00e8de le 8 f\u00e9vrier ..<\/p>\n<div class=\"clear-fix\"><\/div>\n<p><a href=\"https:\/\/www.lesmaconsdelacreuse.fr\/annuaires\/lettre-t\/t_310\/\" title=\"Lire la suite...\">Lire la suite<\/a><\/p>\n","protected":false},"author":2,"featured_media":0,"comment_status":"closed","ping_status":"closed","sticky":false,"template":"","format":"standard","meta":{"_acf_changed":false,"_exactmetrics_skip_tracking":false,"_exactmetrics_sitenote_active":false,"_exactmetrics_sitenote_note":"","_exactmetrics_sitenote_category":0,"footnotes":""},"categories":[13],"tags":[],"class_list":["post-12224","post","type-post","status-publish","format-standard","hentry","category-lettre-t"],"acf":[],"_links":{"self":[{"href":"https:\/\/www.lesmaconsdelacreuse.fr\/annuaires\/wp-json\/wp\/v2\/posts\/12224","targetHints":{"allow":["GET"]}}],"collection":[{"href":"https:\/\/www.lesmaconsdelacreuse.fr\/annuaires\/wp-json\/wp\/v2\/posts"}],"about":[{"href":"https:\/\/www.lesmaconsdelacreuse.fr\/annuaires\/wp-json\/wp\/v2\/types\/post"}],"author":[{"embeddable":true,"href":"https:\/\/www.lesmaconsdelacreuse.fr\/annuaires\/wp-json\/wp\/v2\/users\/2"}],"replies":[{"embeddable":true,"href":"https:\/\/www.lesmaconsdelacreuse.fr\/annuaires\/wp-json\/wp\/v2\/comments?post=12224"}],"version-history":[{"count":0,"href":"https:\/\/www.lesmaconsdelacreuse.fr\/annuaires\/wp-json\/wp\/v2\/posts\/12224\/revisions"}],"wp:attachment":[{"href":"https:\/\/www.lesmaconsdelacreuse.fr\/annuaires\/wp-json\/wp\/v2\/media?parent=12224"}],"wp:term":[{"taxonomy":"category","embeddable":true,"href":"https:\/\/www.lesmaconsdelacreuse.fr\/annuaires\/wp-json\/wp\/v2\/categories?post=12224"},{"taxonomy":"post_tag","embeddable":true,"href":"https:\/\/www.lesmaconsdelacreuse.fr\/annuaires\/wp-json\/wp\/v2\/tags?post=12224"}],"curies":[{"name":"wp","href":"https:\/\/api.w.org\/{rel}","templated":true}]}}