{"id":12225,"date":"2019-07-28T16:14:19","date_gmt":"2019-07-28T14:14:19","guid":{"rendered":"http:\/\/lesmaconsdelacreuse.fr\/annuaire\/?p=12225"},"modified":"2020-10-05T17:22:05","modified_gmt":"2020-10-05T15:22:05","slug":"t_269","status":"publish","type":"post","link":"https:\/\/www.lesmaconsdelacreuse.fr\/annuaires\/lettre-t\/t_269\/","title":{"rendered":"TIXIER L\u00e9onard (1873-apr\u00e8s 1702)"},"content":{"rendered":"<p class=\"last-updated\"><strong>Mis \u00e0 jour le :<\/strong> 29\/04\/2026<\/p><h2 style=\"text-align: center;\"><strong>L\u00e9onard TIXIER<\/strong><\/h2>\n<p style=\"text-align: center;\"><strong>1673 \u2013 apr\u00e8s 1702<\/strong><\/p>\n<h4 style=\"text-align: center;\"><span style=\"color: #008000;\"><strong>tisserand<\/strong><em>, <\/em>et probablement <strong>ma\u00e7on <\/strong>;\u00a0<\/span><a href=\"https:\/\/www.lesmaconsdelacreuse.fr\/annuaires\/wp-content\/uploads\/2020\/08\/BORDIER.png\"><strong><span style=\"color: #008000;\">\u25babordier<\/span><\/strong><\/a><\/h4>\n<p>&nbsp;<\/p>\n<p style=\"text-align: center;\">n\u00e9 \u00e0 Vauveix (Roy\u00e8re)<\/p>\n<p style=\"text-align: center;\">le 30 octobre 1673<\/p>\n<p style=\"text-align: center;\">fils de<\/p>\n<p style=\"text-align: center;\">L\u00e9onard TIXIER \/ Gasparde LARCHER<\/p>\n<p style=\"text-align: center;\">laboureurs<\/p>\n<p style=\"text-align: center;\"><span style=\"color: #ffffff;\">\u25d9<\/span><\/p>\n<p><strong>\u25ba<a href=\"https:\/\/www.lesmaconsdelacreuse.fr\/annuaires\/\/wp-content\/uploads\/DOCUMENTS\/1702_-_Leonard_TIXIER_se_marie_a_Lempdes.pdf\" target=\"_blank\" rel=\"noopener noreferrer\"><span style=\"color: #ff00ff;\">Le 10 janvier<\/span><\/a><span style=\"color: #ff00ff;\"> <a style=\"color: #ff00ff;\" href=\"https:\/\/www.lesmaconsdelacreuse.fr\/annuaires\/\/wp-content\/uploads\/DOCUMENTS\/1702_-_Leonard_TIXIER_se_marie_a_Lempdes.pdf\" target=\"_blank\" rel=\"noopener noreferrer\">1702<\/a><\/span> , <\/strong><em>L\u00e9onard obtient<\/em> <em>un \u25ba<a href=\"https:\/\/www.lesmaconsdelacreuse.fr\/annuaires\/wp-content\/uploads\/2020\/08\/CONG\u00c9-ou-REMISE.png\" target=\"_blank\" rel=\"noopener noreferrer\">cong\u00e9<\/a> du cur\u00e9 de Roy\u00e8re pour \u00e9pouser Jeanne <\/em><strong>GILBERT<\/strong><em> \u00e0 <\/em><span style=\"color: #0000ff;\"><strong>Lempdes (63)<\/strong><\/span><em>. <\/em><\/p>\n<p><em>Le mariage est c\u00e9l\u00e9br\u00e9 le 20 f\u00e9vrier de la m\u00eame ann\u00e9e.<\/em><\/p>\n<p>&nbsp;<\/p>\n","protected":false},"excerpt":{"rendered":"<p>Mis \u00e0 jour le : 29\/04\/2026L\u00e9onard TIXIER 1673 \u2013 apr\u00e8s 1702 tisserand, et probablement ma\u00e7on ;\u00a0\u25babordier &nbsp; n\u00e9 \u00e0 Vauveix (Roy\u00e8re) le 30 octobre 1673 fils de L\u00e9onard TIXIER \/ Gasparde LARCHER laboureurs \u25d9 \u25baLe 10 janvier 1702 , L\u00e9onard obtient un \u25bacong\u00e9 du cur\u00e9 de Roy\u00e8re pour \u00e9pouser Jeanne GILBERT \u00e0 Lempdes (63). Le ..<\/p>\n<div class=\"clear-fix\"><\/div>\n<p><a href=\"https:\/\/www.lesmaconsdelacreuse.fr\/annuaires\/lettre-t\/t_269\/\" title=\"Lire la suite...\">Lire la suite<\/a><\/p>\n","protected":false},"author":2,"featured_media":0,"comment_status":"closed","ping_status":"closed","sticky":false,"template":"","format":"standard","meta":{"_acf_changed":false,"_exactmetrics_skip_tracking":false,"_exactmetrics_sitenote_active":false,"_exactmetrics_sitenote_note":"","_exactmetrics_sitenote_category":0,"footnotes":""},"categories":[13],"tags":[],"class_list":["post-12225","post","type-post","status-publish","format-standard","hentry","category-lettre-t"],"acf":[],"_links":{"self":[{"href":"https:\/\/www.lesmaconsdelacreuse.fr\/annuaires\/wp-json\/wp\/v2\/posts\/12225","targetHints":{"allow":["GET"]}}],"collection":[{"href":"https:\/\/www.lesmaconsdelacreuse.fr\/annuaires\/wp-json\/wp\/v2\/posts"}],"about":[{"href":"https:\/\/www.lesmaconsdelacreuse.fr\/annuaires\/wp-json\/wp\/v2\/types\/post"}],"author":[{"embeddable":true,"href":"https:\/\/www.lesmaconsdelacreuse.fr\/annuaires\/wp-json\/wp\/v2\/users\/2"}],"replies":[{"embeddable":true,"href":"https:\/\/www.lesmaconsdelacreuse.fr\/annuaires\/wp-json\/wp\/v2\/comments?post=12225"}],"version-history":[{"count":0,"href":"https:\/\/www.lesmaconsdelacreuse.fr\/annuaires\/wp-json\/wp\/v2\/posts\/12225\/revisions"}],"wp:attachment":[{"href":"https:\/\/www.lesmaconsdelacreuse.fr\/annuaires\/wp-json\/wp\/v2\/media?parent=12225"}],"wp:term":[{"taxonomy":"category","embeddable":true,"href":"https:\/\/www.lesmaconsdelacreuse.fr\/annuaires\/wp-json\/wp\/v2\/categories?post=12225"},{"taxonomy":"post_tag","embeddable":true,"href":"https:\/\/www.lesmaconsdelacreuse.fr\/annuaires\/wp-json\/wp\/v2\/tags?post=12225"}],"curies":[{"name":"wp","href":"https:\/\/api.w.org\/{rel}","templated":true}]}}