{"id":12229,"date":"2019-07-28T16:14:19","date_gmt":"2019-07-28T14:14:19","guid":{"rendered":"http:\/\/lesmaconsdelacreuse.fr\/annuaire\/?p=12229"},"modified":"2020-01-20T11:23:45","modified_gmt":"2020-01-20T10:23:45","slug":"t_253","status":"publish","type":"post","link":"https:\/\/www.lesmaconsdelacreuse.fr\/annuaires\/lettre-t\/t_253\/","title":{"rendered":"TIXIER Jean (1842-1889)"},"content":{"rendered":"<p class=\"last-updated\"><strong>Mis \u00e0 jour le :<\/strong> 29\/04\/2026<\/p><h2 style=\"text-align: center;\"><strong>Jean TIXIER<\/strong><\/h2>\n<p style=\"text-align: center;\"><strong>1842 \u2013 1889<\/strong><\/p>\n<p style=\"text-align: center;\"><img decoding=\"async\" title=\"\" src=\"https:\/\/lesmaconsdelacreuse.fr\/annuaire\/wp-content\/uploads\/2019\/07\/image1-2888.jpg\" alt=\"\" data-asset-id=\"12228\" data-source-id=\"i.0\" \/><\/p>\n<h4 style=\"text-align: center;\"><span style=\"color: #008000;\"><strong>ma\u00e7on<\/strong><\/span><\/h4>\n<p style=\"text-align: center;\">n\u00e9 aux Bordes (Roy\u00e8re)<\/p>\n<p style=\"text-align: center;\">le 2 septembre 1842<\/p>\n<p style=\"text-align: center;\">fils de<\/p>\n<p style=\"text-align: center;\">Pierre TIXIER, <span style=\"color: #008000;\"><strong>ma\u00e7on<\/strong><\/span><\/p>\n<p style=\"text-align: center;\">Jeanne CUISINAUD, cultivatrice<\/p>\n<p style=\"text-align: center;\"><span style=\"color: #ffffff;\">\u25d9<\/span><\/p>\n<p><strong>En 1863<\/strong><em>, Jean est exempt\u00e9 de service militaire ayant un fr\u00e8re sous les drapeaux.<\/em><\/p>\n<p><strong>En 1867<\/strong><em>, il travaille \u00e0 <\/em><strong><span style=\"color: #0000ff;\">Lyon (69)<\/span> <\/strong><em>et loge 27, rue Villeroy.<\/em><\/p>\n<p><em>Le 5 d\u00e9cembre de la m\u00eame ann\u00e9e, il \u00e9pouse Marie-Louise <\/em><strong>RUBIS<\/strong><em> \u00e0 Lyon 3e (mari\u00e9s sans contrat). <\/em><\/p>\n<p><em>Ils habitent\u00a0:<\/em><\/p>\n<p><strong>en 1871<\/strong><em>, 1, rue Voltaire\u00a0;<\/em><\/p>\n<p><strong>en \u00a01872<\/strong><em>, 15, passage Primat\u00a0;<\/em><\/p>\n<p><strong>de \u00a01873 \u00e0 1875<\/strong> <em>au moins, 93, rue de Chartres\u00a0;<\/em><\/p>\n<p><strong>en \u00a01883<\/strong><em><strong>,<\/strong> 15, passage Primat\u00a0;<\/em><\/p>\n<p><strong>en \u00a01887<\/strong><em>, 137, rue Paul Bert, dans le 3e\u00a0arrondissement\u00a0;<\/em><\/p>\n<p><strong>en 1889<\/strong><em>, au 141 de la m\u00eame rue.<\/em><\/p>\n<p><em>Le 16 septembre de la m\u00eame ann\u00e9e, Jean d\u00e9c\u00e8de \u00e0 cette derni\u00e8re adresse, \u00e2g\u00e9 de 47 ans.<\/em><\/p>\n","protected":false},"excerpt":{"rendered":"<p>Mis \u00e0 jour le : 29\/04\/2026Jean TIXIER 1842 \u2013 1889 ma\u00e7on n\u00e9 aux Bordes (Roy\u00e8re) le 2 septembre 1842 fils de Pierre TIXIER, ma\u00e7on Jeanne CUISINAUD, cultivatrice \u25d9 En 1863, Jean est exempt\u00e9 de service militaire ayant un fr\u00e8re sous les drapeaux. En 1867, il travaille \u00e0 Lyon (69) et loge 27, rue Villeroy. Le ..<\/p>\n<div class=\"clear-fix\"><\/div>\n<p><a href=\"https:\/\/www.lesmaconsdelacreuse.fr\/annuaires\/lettre-t\/t_253\/\" title=\"Lire la suite...\">Lire la suite<\/a><\/p>\n","protected":false},"author":2,"featured_media":0,"comment_status":"closed","ping_status":"closed","sticky":false,"template":"","format":"standard","meta":{"_acf_changed":false,"_exactmetrics_skip_tracking":false,"_exactmetrics_sitenote_active":false,"_exactmetrics_sitenote_note":"","_exactmetrics_sitenote_category":0,"footnotes":""},"categories":[13],"tags":[],"class_list":["post-12229","post","type-post","status-publish","format-standard","hentry","category-lettre-t"],"acf":[],"_links":{"self":[{"href":"https:\/\/www.lesmaconsdelacreuse.fr\/annuaires\/wp-json\/wp\/v2\/posts\/12229","targetHints":{"allow":["GET"]}}],"collection":[{"href":"https:\/\/www.lesmaconsdelacreuse.fr\/annuaires\/wp-json\/wp\/v2\/posts"}],"about":[{"href":"https:\/\/www.lesmaconsdelacreuse.fr\/annuaires\/wp-json\/wp\/v2\/types\/post"}],"author":[{"embeddable":true,"href":"https:\/\/www.lesmaconsdelacreuse.fr\/annuaires\/wp-json\/wp\/v2\/users\/2"}],"replies":[{"embeddable":true,"href":"https:\/\/www.lesmaconsdelacreuse.fr\/annuaires\/wp-json\/wp\/v2\/comments?post=12229"}],"version-history":[{"count":0,"href":"https:\/\/www.lesmaconsdelacreuse.fr\/annuaires\/wp-json\/wp\/v2\/posts\/12229\/revisions"}],"wp:attachment":[{"href":"https:\/\/www.lesmaconsdelacreuse.fr\/annuaires\/wp-json\/wp\/v2\/media?parent=12229"}],"wp:term":[{"taxonomy":"category","embeddable":true,"href":"https:\/\/www.lesmaconsdelacreuse.fr\/annuaires\/wp-json\/wp\/v2\/categories?post=12229"},{"taxonomy":"post_tag","embeddable":true,"href":"https:\/\/www.lesmaconsdelacreuse.fr\/annuaires\/wp-json\/wp\/v2\/tags?post=12229"}],"curies":[{"name":"wp","href":"https:\/\/api.w.org\/{rel}","templated":true}]}}