{"id":12232,"date":"2019-07-28T16:14:19","date_gmt":"2019-07-28T14:14:19","guid":{"rendered":"http:\/\/lesmaconsdelacreuse.fr\/annuaire\/?p=12232"},"modified":"2021-12-14T13:02:35","modified_gmt":"2021-12-14T12:02:35","slug":"t_332","status":"publish","type":"post","link":"https:\/\/www.lesmaconsdelacreuse.fr\/annuaires\/lettre-t\/t_332\/","title":{"rendered":"TOUNY L\u00e9onard (1858-1919)"},"content":{"rendered":"<p class=\"last-updated\"><strong>Mis \u00e0 jour le :<\/strong> 29\/04\/2026<\/p><h2 style=\"text-align: center;\"><strong>L\u00e9onard TOUNY<\/strong><\/h2>\n<p style=\"text-align: center;\"><strong>1858 \u2013 1919<\/strong><\/p>\n<p style=\"text-align: center;\"><img decoding=\"async\" title=\"\" src=\"https:\/\/lesmaconsdelacreuse.fr\/annuaire\/wp-content\/uploads\/2019\/07\/image1-2889.jpg\" alt=\"\" data-asset-id=\"12230\" data-source-id=\"i.0\" \/><\/p>\n<h4 style=\"text-align: center;\"><span style=\"color: #008000;\"><strong>ma\u00e7on<\/strong><\/span><\/h4>\n<p style=\"text-align: center;\">n\u00e9 au Nouhaud (Saint-Amand-Jartoudeix)<\/p>\n<p style=\"text-align: center;\">le 11 juillet 1858<\/p>\n<p style=\"text-align: center;\">fils de<\/p>\n<p style=\"text-align: center;\">Fran\u00e7ois TOUNY \/ Marie MORTEROL<\/p>\n<p style=\"text-align: center;\">cultivateurs<\/p>\n<p style=\"text-align: center;\"><span style=\"color: #ffffff;\">\u25d9<\/span><\/p>\n<p><em>L\u00e9onard habite Saint-Moreil avec ses parents lorsqu\u2019il y \u00e9pouse Marie <\/em><strong>BORNE<\/strong><em> le 26 janvier <\/em><strong>1884<\/strong><em> (contrat Berger \u00e0 Bourganeuf). Ils habitent le bourg de Saint-Moreil.<\/em><\/p>\n<p><em>L\u00e9onard travaille \u00e0 <\/em><span style=\"color: #0000ff;\"><strong>Paris (75)<\/strong><\/span><em>, et loge 339, rue Marcadet.<\/em><\/p>\n<p><em>Il est ensuite \u00e0 <\/em><span style=\"color: #0000ff;\"><strong>Bordeaux (33)<\/strong><\/span><em>\u00a0:<\/em><\/p>\n<p><strong>en 1885<\/strong><em>, 18, passage Le H\u00e9risson\u00a0;<\/em><\/p>\n<p><strong>en 1887<\/strong><em>, 18, place Simiot\u00a0;<\/em><\/p>\n<p><strong>de 1891 \u00e0 1893<\/strong><em>, 56, rue Bertrand de Goth\u00a0;<\/em><\/p>\n<p><strong>en 1898<\/strong><em>, au 76 de la m\u00eame rue, puis au 57.<\/em><\/p>\n<p><em>Il d\u00e9c\u00e8de au bourg de Saint-Moreil, le 20 juin<\/em> <strong>1919<\/strong>, <em>\u00e2g\u00e9 de 60 ans.<\/em><\/p>\n<p>&nbsp;<\/p>\n","protected":false},"excerpt":{"rendered":"<p>Mis \u00e0 jour le : 29\/04\/2026L\u00e9onard TOUNY 1858 \u2013 1919 ma\u00e7on n\u00e9 au Nouhaud (Saint-Amand-Jartoudeix) le 11 juillet 1858 fils de Fran\u00e7ois TOUNY \/ Marie MORTEROL cultivateurs \u25d9 L\u00e9onard habite Saint-Moreil avec ses parents lorsqu\u2019il y \u00e9pouse Marie BORNE le 26 janvier 1884 (contrat Berger \u00e0 Bourganeuf). Ils habitent le bourg de Saint-Moreil. L\u00e9onard travaille ..<\/p>\n<div class=\"clear-fix\"><\/div>\n<p><a href=\"https:\/\/www.lesmaconsdelacreuse.fr\/annuaires\/lettre-t\/t_332\/\" title=\"Lire la suite...\">Lire la suite<\/a><\/p>\n","protected":false},"author":2,"featured_media":0,"comment_status":"closed","ping_status":"closed","sticky":false,"template":"","format":"standard","meta":{"_acf_changed":false,"_exactmetrics_skip_tracking":false,"_exactmetrics_sitenote_active":false,"_exactmetrics_sitenote_note":"","_exactmetrics_sitenote_category":0,"footnotes":""},"categories":[13],"tags":[],"class_list":["post-12232","post","type-post","status-publish","format-standard","hentry","category-lettre-t"],"acf":[],"_links":{"self":[{"href":"https:\/\/www.lesmaconsdelacreuse.fr\/annuaires\/wp-json\/wp\/v2\/posts\/12232","targetHints":{"allow":["GET"]}}],"collection":[{"href":"https:\/\/www.lesmaconsdelacreuse.fr\/annuaires\/wp-json\/wp\/v2\/posts"}],"about":[{"href":"https:\/\/www.lesmaconsdelacreuse.fr\/annuaires\/wp-json\/wp\/v2\/types\/post"}],"author":[{"embeddable":true,"href":"https:\/\/www.lesmaconsdelacreuse.fr\/annuaires\/wp-json\/wp\/v2\/users\/2"}],"replies":[{"embeddable":true,"href":"https:\/\/www.lesmaconsdelacreuse.fr\/annuaires\/wp-json\/wp\/v2\/comments?post=12232"}],"version-history":[{"count":2,"href":"https:\/\/www.lesmaconsdelacreuse.fr\/annuaires\/wp-json\/wp\/v2\/posts\/12232\/revisions"}],"predecessor-version":[{"id":193130,"href":"https:\/\/www.lesmaconsdelacreuse.fr\/annuaires\/wp-json\/wp\/v2\/posts\/12232\/revisions\/193130"}],"wp:attachment":[{"href":"https:\/\/www.lesmaconsdelacreuse.fr\/annuaires\/wp-json\/wp\/v2\/media?parent=12232"}],"wp:term":[{"taxonomy":"category","embeddable":true,"href":"https:\/\/www.lesmaconsdelacreuse.fr\/annuaires\/wp-json\/wp\/v2\/categories?post=12232"},{"taxonomy":"post_tag","embeddable":true,"href":"https:\/\/www.lesmaconsdelacreuse.fr\/annuaires\/wp-json\/wp\/v2\/tags?post=12232"}],"curies":[{"name":"wp","href":"https:\/\/api.w.org\/{rel}","templated":true}]}}