{"id":12245,"date":"2019-07-28T16:14:18","date_gmt":"2019-07-28T14:14:18","guid":{"rendered":"http:\/\/lesmaconsdelacreuse.fr\/annuaire\/?p=12245"},"modified":"2020-10-04T09:38:03","modified_gmt":"2020-10-04T07:38:03","slug":"t_275","status":"publish","type":"post","link":"https:\/\/www.lesmaconsdelacreuse.fr\/annuaires\/lettre-t\/t_275\/","title":{"rendered":"TIXIER L\u00e9onard (1874-1951)"},"content":{"rendered":"<p class=\"last-updated\"><strong>Mis \u00e0 jour le :<\/strong> 29\/04\/2026<\/p><h2 style=\"text-align: center;\"><strong>L\u00e9onard TIXIER<\/strong><\/h2>\n<p style=\"text-align: center;\"><strong>Henri TIXIER<\/strong><\/p>\n<p style=\"text-align: center;\"><strong>1874 \u2013 1951<\/strong><\/p>\n<p style=\"text-align: center;\"><img decoding=\"async\" title=\"\" src=\"https:\/\/lesmaconsdelacreuse.fr\/annuaire\/wp-content\/uploads\/2019\/07\/image1-2894.jpg\" alt=\"\" data-asset-id=\"12244\" data-source-id=\"i.0\" \/><\/p>\n<h4 style=\"text-align: center;\"><span style=\"color: #008000;\"><strong>ma\u00e7on<\/strong> et\u00a0<em><strong>\u25ba<\/strong><strong><a href=\"https:\/\/www.lesmaconsdelacreuse.fr\/annuaires\/wp-content\/uploads\/2020\/07\/FUMISTE.png\" target=\"_blank\" rel=\"noopener noreferrer\"><span style=\"color: #008000;\">fumiste<\/span><\/a><\/strong><\/em> <strong>industriel<\/strong>;\u00a0<strong>cultivateur<\/strong><\/span><\/h4>\n<p>&nbsp;<\/p>\n<p style=\"text-align: center;\">n\u00e9 \u00e0 Haute-Faye (Roy\u00e8re)<\/p>\n<p style=\"text-align: center;\">le 23 d\u00e9cembre 1874<\/p>\n<p style=\"text-align: center;\">fils de<\/p>\n<p style=\"text-align: center;\">Andr\u00e9 TIXIER, <span style=\"color: #008000;\"><strong>ma\u00e7on <\/strong><\/span><strong>\/ <\/strong>Marie Alexandrine JANDON<\/p>\n<p style=\"text-align: center;\">propri\u00e9taires cultivateurs<\/p>\n<p style=\"text-align: center;\"><span style=\"color: #ffffff;\">\u25d9<\/span><\/p>\n<p><strong>En 1895<\/strong><em>, L\u00e9onard, <\/em><span style=\"color: #008000;\"><strong>ma\u00e7on<\/strong><\/span><em>, travaille dans le <\/em><span style=\"color: #0000ff;\"><strong>Rh\u00f4ne<\/strong><\/span><em>, et y passe le conseil de r\u00e9vision. Il est ajourn\u00e9 pour faiblesse.<\/em><\/p>\n<p><strong>En 1898<\/strong><em>, il r\u00e9side \u00e0 <\/em><span style=\"color: #0000ff;\"><strong>Villeurbanne (69)<\/strong><\/span><em>, 18, chemin Saint-Antoine\u00a0;<\/em><\/p>\n<p><strong>en 1901 et 1903<\/strong><em>, \u00e0 Lyon, 168, chemin de Baraban.<\/em><\/p>\n<p><span style=\"color: #008000;\"><strong>Fumiste<\/strong><\/span><em>, il \u00e9pouse M\u00e9lanie <\/em><strong>LALEMODE<\/strong><em> le 3 avril <\/em><strong>1919<\/strong><em> \u00e0 Roy\u00e8re (mari\u00e9s sans contrat). Ils habitent Haute-Faye.<\/em><\/p>\n<p><em>M\u00e9lanie y d\u00e9c\u00e8de le 17 juin <\/em><strong>1920<\/strong><em>, \u00e2g\u00e9e de 28 ans. <\/em><\/p>\n<p><em>Henri se remarie le 26 f\u00e9vrier <\/em><strong>1921<\/strong><em> \u00e0 Roy\u00e8re avec Anna <\/em><strong>GALERNE<\/strong><em> (mari\u00e9s sans contrat). Ils habitent aussi Haute-Faye.<\/em><\/p>\n<p><em>Ils d\u00e9c\u00e8dent\u00a0:<\/em><\/p>\n<ul>\n<li><em>Henri, le 29 juillet <\/em><strong>1951<\/strong>,<em> \u00e0 Haute-Faye, \u00e2g\u00e9 de 76 ans<\/em><\/li>\n<li><em> Anna, le 12 f\u00e9vrier <\/em><strong>1965<\/strong>,<em> \u00e0 Sainte-Genevi\u00e8ve des Bois (91) chez sa fille, \u00e2g\u00e9e de 71 ans. <\/em><\/li>\n<\/ul>\n<p><em>Sa fille se rappelle qu\u2019avant d\u2019\u00eatre mari\u00e9, Henri a travaill\u00e9 \u00e0 Lyon, \u00e0 Paris, en Italie, en Gr\u00e8ce, en Roumanie et en Hongrie. Au moment de la d\u00e9claration de guerre, il venait d\u2019obtenir un passeport pour Odessa, o\u00f9 il n\u2019est \u00e9videmment pas all\u00e9. <\/em><\/p>\n<p>&nbsp;<\/p>\n","protected":false},"excerpt":{"rendered":"<p>Mis \u00e0 jour le : 29\/04\/2026L\u00e9onard TIXIER Henri TIXIER 1874 \u2013 1951 ma\u00e7on et\u00a0\u25bafumiste industriel;\u00a0cultivateur &nbsp; n\u00e9 \u00e0 Haute-Faye (Roy\u00e8re) le 23 d\u00e9cembre 1874 fils de Andr\u00e9 TIXIER, ma\u00e7on \/ Marie Alexandrine JANDON propri\u00e9taires cultivateurs \u25d9 En 1895, L\u00e9onard, ma\u00e7on, travaille dans le Rh\u00f4ne, et y passe le conseil de r\u00e9vision. Il est ajourn\u00e9 pour ..<\/p>\n<div class=\"clear-fix\"><\/div>\n<p><a href=\"https:\/\/www.lesmaconsdelacreuse.fr\/annuaires\/lettre-t\/t_275\/\" title=\"Lire la suite...\">Lire la suite<\/a><\/p>\n","protected":false},"author":2,"featured_media":0,"comment_status":"closed","ping_status":"closed","sticky":false,"template":"","format":"standard","meta":{"_acf_changed":false,"_exactmetrics_skip_tracking":false,"_exactmetrics_sitenote_active":false,"_exactmetrics_sitenote_note":"","_exactmetrics_sitenote_category":0,"footnotes":""},"categories":[13],"tags":[],"class_list":["post-12245","post","type-post","status-publish","format-standard","hentry","category-lettre-t"],"acf":[],"_links":{"self":[{"href":"https:\/\/www.lesmaconsdelacreuse.fr\/annuaires\/wp-json\/wp\/v2\/posts\/12245","targetHints":{"allow":["GET"]}}],"collection":[{"href":"https:\/\/www.lesmaconsdelacreuse.fr\/annuaires\/wp-json\/wp\/v2\/posts"}],"about":[{"href":"https:\/\/www.lesmaconsdelacreuse.fr\/annuaires\/wp-json\/wp\/v2\/types\/post"}],"author":[{"embeddable":true,"href":"https:\/\/www.lesmaconsdelacreuse.fr\/annuaires\/wp-json\/wp\/v2\/users\/2"}],"replies":[{"embeddable":true,"href":"https:\/\/www.lesmaconsdelacreuse.fr\/annuaires\/wp-json\/wp\/v2\/comments?post=12245"}],"version-history":[{"count":0,"href":"https:\/\/www.lesmaconsdelacreuse.fr\/annuaires\/wp-json\/wp\/v2\/posts\/12245\/revisions"}],"wp:attachment":[{"href":"https:\/\/www.lesmaconsdelacreuse.fr\/annuaires\/wp-json\/wp\/v2\/media?parent=12245"}],"wp:term":[{"taxonomy":"category","embeddable":true,"href":"https:\/\/www.lesmaconsdelacreuse.fr\/annuaires\/wp-json\/wp\/v2\/categories?post=12245"},{"taxonomy":"post_tag","embeddable":true,"href":"https:\/\/www.lesmaconsdelacreuse.fr\/annuaires\/wp-json\/wp\/v2\/tags?post=12245"}],"curies":[{"name":"wp","href":"https:\/\/api.w.org\/{rel}","templated":true}]}}