{"id":12252,"date":"2019-07-28T16:14:18","date_gmt":"2019-07-28T14:14:18","guid":{"rendered":"http:\/\/lesmaconsdelacreuse.fr\/annuaire\/?p=12252"},"modified":"2020-01-20T11:23:46","modified_gmt":"2020-01-20T10:23:46","slug":"t_334","status":"publish","type":"post","link":"https:\/\/www.lesmaconsdelacreuse.fr\/annuaires\/lettre-t\/t_334\/","title":{"rendered":"TOUNY Michel (1755-1800)"},"content":{"rendered":"<p class=\"last-updated\"><strong>Mis \u00e0 jour le :<\/strong> 29\/04\/2026<\/p><h2 style=\"text-align: center;\"><strong>Michel TOUNY<\/strong><\/h2>\n<p style=\"text-align: center;\"><strong>1755 \u2013 1800<\/strong><\/p>\n<p style=\"text-align: center;\"><img decoding=\"async\" title=\"\" src=\"https:\/\/lesmaconsdelacreuse.fr\/annuaire\/wp-content\/uploads\/2019\/07\/image1-2897.jpg\" alt=\"\" data-asset-id=\"12251\" data-source-id=\"i.0\" \/><\/p>\n<h4 style=\"text-align: center;\"><span style=\"color: #008000;\"><strong>ma\u00e7on <\/strong>et<strong> laboureur<\/strong><\/span><\/h4>\n<p style=\"text-align: center;\">n\u00e9 \u00e0 Haute-Faye (Roy\u00e8re)<\/p>\n<p style=\"text-align: center;\">le 13 f\u00e9vrier 1755<\/p>\n<p style=\"text-align: center;\">fils de<\/p>\n<p style=\"text-align: center;\">Antoine TOUNY \/ Marie BOURDEAU<\/p>\n<p style=\"text-align: center;\">laboureurs<\/p>\n<p style=\"text-align: center;\"><span style=\"color: #ffffff;\">\u25d9<\/span><\/p>\n<p><em>Michel \u00e9pouse Marguerite <\/em><strong>CHASSAGNE<\/strong><em> le 5 f\u00e9vrier <\/em><strong>1776<\/strong><em> \u00e0 Roy\u00e8re (contrat Coutisson). Ils habitent Haute-Faye.<\/em><\/p>\n<p><em> Marguerite y d\u00e9c\u00e8de, inhum\u00e9e le 26 septembre <\/em><strong>1782<\/strong><em>, \u00e2g\u00e9e de 24 ans. <\/em><\/p>\n<p><em>Michel se remarie le 3 mars <\/em><strong>1783<\/strong><em> \u00e0 Valli\u00e8re avec Marguerite <\/em><strong>P\u00c9RICHON<\/strong><em> veuve de Michel TOUNY, ma\u00e7on (contrat Goumy). Ils habitent aussi Haute-Faye.<\/em><\/p>\n<p><em> Ils y d\u00e9c\u00e8dent\u00a0:<\/em><\/p>\n<ul>\n<li><em>Michel, le 30 pluvi\u00f4se an VIII (30 janvier <\/em><strong>1800<\/strong><em>), \u00e2g\u00e9 de 44 ans<\/em><\/li>\n<li><em>Marguerite, le 21 octobre <\/em><strong>1819<\/strong><em>, \u00e2g\u00e9e de 59 ans<\/em><\/li>\n<\/ul>\n","protected":false},"excerpt":{"rendered":"<p>Mis \u00e0 jour le : 29\/04\/2026Michel TOUNY 1755 \u2013 1800 ma\u00e7on et laboureur n\u00e9 \u00e0 Haute-Faye (Roy\u00e8re) le 13 f\u00e9vrier 1755 fils de Antoine TOUNY \/ Marie BOURDEAU laboureurs \u25d9 Michel \u00e9pouse Marguerite CHASSAGNE le 5 f\u00e9vrier 1776 \u00e0 Roy\u00e8re (contrat Coutisson). Ils habitent Haute-Faye. Marguerite y d\u00e9c\u00e8de, inhum\u00e9e le 26 septembre 1782, \u00e2g\u00e9e de ..<\/p>\n<div class=\"clear-fix\"><\/div>\n<p><a href=\"https:\/\/www.lesmaconsdelacreuse.fr\/annuaires\/lettre-t\/t_334\/\" title=\"Lire la suite...\">Lire la suite<\/a><\/p>\n","protected":false},"author":2,"featured_media":0,"comment_status":"closed","ping_status":"closed","sticky":false,"template":"","format":"standard","meta":{"_acf_changed":false,"_exactmetrics_skip_tracking":false,"_exactmetrics_sitenote_active":false,"_exactmetrics_sitenote_note":"","_exactmetrics_sitenote_category":0,"footnotes":""},"categories":[13],"tags":[],"class_list":["post-12252","post","type-post","status-publish","format-standard","hentry","category-lettre-t"],"acf":[],"_links":{"self":[{"href":"https:\/\/www.lesmaconsdelacreuse.fr\/annuaires\/wp-json\/wp\/v2\/posts\/12252","targetHints":{"allow":["GET"]}}],"collection":[{"href":"https:\/\/www.lesmaconsdelacreuse.fr\/annuaires\/wp-json\/wp\/v2\/posts"}],"about":[{"href":"https:\/\/www.lesmaconsdelacreuse.fr\/annuaires\/wp-json\/wp\/v2\/types\/post"}],"author":[{"embeddable":true,"href":"https:\/\/www.lesmaconsdelacreuse.fr\/annuaires\/wp-json\/wp\/v2\/users\/2"}],"replies":[{"embeddable":true,"href":"https:\/\/www.lesmaconsdelacreuse.fr\/annuaires\/wp-json\/wp\/v2\/comments?post=12252"}],"version-history":[{"count":0,"href":"https:\/\/www.lesmaconsdelacreuse.fr\/annuaires\/wp-json\/wp\/v2\/posts\/12252\/revisions"}],"wp:attachment":[{"href":"https:\/\/www.lesmaconsdelacreuse.fr\/annuaires\/wp-json\/wp\/v2\/media?parent=12252"}],"wp:term":[{"taxonomy":"category","embeddable":true,"href":"https:\/\/www.lesmaconsdelacreuse.fr\/annuaires\/wp-json\/wp\/v2\/categories?post=12252"},{"taxonomy":"post_tag","embeddable":true,"href":"https:\/\/www.lesmaconsdelacreuse.fr\/annuaires\/wp-json\/wp\/v2\/tags?post=12252"}],"curies":[{"name":"wp","href":"https:\/\/api.w.org\/{rel}","templated":true}]}}