{"id":12254,"date":"2019-07-28T16:14:18","date_gmt":"2019-07-28T14:14:18","guid":{"rendered":"http:\/\/lesmaconsdelacreuse.fr\/annuaire\/?p=12254"},"modified":"2020-01-20T11:23:46","modified_gmt":"2020-01-20T10:23:46","slug":"t_317","status":"publish","type":"post","link":"https:\/\/www.lesmaconsdelacreuse.fr\/annuaires\/lettre-t\/t_317\/","title":{"rendered":"TOUNY Jean (1809-1872)"},"content":{"rendered":"<p class=\"last-updated\"><strong>Mis \u00e0 jour le :<\/strong> 29\/04\/2026<\/p><h2 style=\"text-align: center;\"><strong>Jean TOUNY<\/strong><\/h2>\n<p style=\"text-align: center;\"><strong>1809 \u2013 1872<\/strong><\/p>\n<p style=\"text-align: center;\"><img decoding=\"async\" title=\"\" src=\"https:\/\/lesmaconsdelacreuse.fr\/annuaire\/wp-content\/uploads\/2019\/07\/image1-2898.jpg\" alt=\"\" data-asset-id=\"12253\" data-source-id=\"i.0\" \/><\/p>\n<h4 style=\"text-align: center;\"><span style=\"color: #008000;\"><strong>ma\u00e7on<\/strong> et <strong>propri\u00e9taire cultivateur<\/strong><\/span><\/h4>\n<p style=\"text-align: center;\">n\u00e9 \u00e0 Haute-Faye (Roy\u00e8re)<\/p>\n<p style=\"text-align: center;\">le 26 juillet 1809<\/p>\n<p style=\"text-align: center;\">fils de<\/p>\n<p style=\"text-align: center;\">L\u00e9onard TOUNY \/ Catherine DETH\u00c8VE<\/p>\n<p style=\"text-align: center;\">propri\u00e9taires cultivateurs<\/p>\n<p style=\"text-align: center;\"><span style=\"color: #ffffff;\">\u25d9<\/span><\/p>\n<p><em>Jean \u00e9pouse Th\u00e9r\u00e8se <\/em><strong>CASSUS<\/strong><em> le 12 mars <\/em><strong>1832<\/strong><em> \u00e0 Roy\u00e8re (contrat Toumieux). Ils habitent Haute-Faye.<\/em><\/p>\n<p><em>Th\u00e9r\u00e8se y d\u00e9c\u00e8de le 15 juillet <\/em><strong>1858<\/strong><em>, \u00e2g\u00e9e de 45 ans.<\/em><\/p>\n<p><em> Jean se remarie avec Fran\u00e7oise Marie <\/em><strong>GOUNY<\/strong><em>, veuve de Jean LAVERGNE, le 22 mars <\/em><strong>1860<\/strong> <em>\u00e0 La Nouaille\u00a0(contrat Barjon). Ils habitent aussi Haute-Faye.<\/em><\/p>\n<p><em> Ils y d\u00e9c\u00e8dent\u00a0:<\/em><\/p>\n<ul>\n<li><em>Jean, le 26 avril <\/em><strong>1872<\/strong><em>, \u00e2g\u00e9 de 62 ans<\/em><\/li>\n<li><em>Marie-Fran\u00e7oise, le 12 mai <\/em><strong>1886<\/strong><em>, \u00e2g\u00e9e de 76 ans<\/em><\/li>\n<\/ul>\n","protected":false},"excerpt":{"rendered":"<p>Mis \u00e0 jour le : 29\/04\/2026Jean TOUNY 1809 \u2013 1872 ma\u00e7on et propri\u00e9taire cultivateur n\u00e9 \u00e0 Haute-Faye (Roy\u00e8re) le 26 juillet 1809 fils de L\u00e9onard TOUNY \/ Catherine DETH\u00c8VE propri\u00e9taires cultivateurs \u25d9 Jean \u00e9pouse Th\u00e9r\u00e8se CASSUS le 12 mars 1832 \u00e0 Roy\u00e8re (contrat Toumieux). Ils habitent Haute-Faye. Th\u00e9r\u00e8se y d\u00e9c\u00e8de le 15 juillet 1858, \u00e2g\u00e9e ..<\/p>\n<div class=\"clear-fix\"><\/div>\n<p><a href=\"https:\/\/www.lesmaconsdelacreuse.fr\/annuaires\/lettre-t\/t_317\/\" title=\"Lire la suite...\">Lire la suite<\/a><\/p>\n","protected":false},"author":2,"featured_media":0,"comment_status":"closed","ping_status":"closed","sticky":false,"template":"","format":"standard","meta":{"_acf_changed":false,"_exactmetrics_skip_tracking":false,"_exactmetrics_sitenote_active":false,"_exactmetrics_sitenote_note":"","_exactmetrics_sitenote_category":0,"footnotes":""},"categories":[13],"tags":[],"class_list":["post-12254","post","type-post","status-publish","format-standard","hentry","category-lettre-t"],"acf":[],"_links":{"self":[{"href":"https:\/\/www.lesmaconsdelacreuse.fr\/annuaires\/wp-json\/wp\/v2\/posts\/12254","targetHints":{"allow":["GET"]}}],"collection":[{"href":"https:\/\/www.lesmaconsdelacreuse.fr\/annuaires\/wp-json\/wp\/v2\/posts"}],"about":[{"href":"https:\/\/www.lesmaconsdelacreuse.fr\/annuaires\/wp-json\/wp\/v2\/types\/post"}],"author":[{"embeddable":true,"href":"https:\/\/www.lesmaconsdelacreuse.fr\/annuaires\/wp-json\/wp\/v2\/users\/2"}],"replies":[{"embeddable":true,"href":"https:\/\/www.lesmaconsdelacreuse.fr\/annuaires\/wp-json\/wp\/v2\/comments?post=12254"}],"version-history":[{"count":0,"href":"https:\/\/www.lesmaconsdelacreuse.fr\/annuaires\/wp-json\/wp\/v2\/posts\/12254\/revisions"}],"wp:attachment":[{"href":"https:\/\/www.lesmaconsdelacreuse.fr\/annuaires\/wp-json\/wp\/v2\/media?parent=12254"}],"wp:term":[{"taxonomy":"category","embeddable":true,"href":"https:\/\/www.lesmaconsdelacreuse.fr\/annuaires\/wp-json\/wp\/v2\/categories?post=12254"},{"taxonomy":"post_tag","embeddable":true,"href":"https:\/\/www.lesmaconsdelacreuse.fr\/annuaires\/wp-json\/wp\/v2\/tags?post=12254"}],"curies":[{"name":"wp","href":"https:\/\/api.w.org\/{rel}","templated":true}]}}