{"id":12262,"date":"2019-07-28T16:14:17","date_gmt":"2019-07-28T14:14:17","guid":{"rendered":"http:\/\/lesmaconsdelacreuse.fr\/annuaire\/?p=12262"},"modified":"2020-10-02T16:55:29","modified_gmt":"2020-10-02T14:55:29","slug":"t_321","status":"publish","type":"post","link":"https:\/\/www.lesmaconsdelacreuse.fr\/annuaires\/lettre-t\/t_321\/","title":{"rendered":"TOUNY Jean (1821-apr\u00e8s 1885)"},"content":{"rendered":"<p class=\"last-updated\"><strong>Mis \u00e0 jour le :<\/strong> 29\/04\/2026<\/p><h2 style=\"text-align: center;\"><strong>Jean TOUNY<\/strong><\/h2>\n<p style=\"text-align: center;\"><strong>1821 \u2013 apr\u00e8s 1885<\/strong><\/p>\n<p style=\"text-align: center;\"><img decoding=\"async\" title=\"\" src=\"https:\/\/lesmaconsdelacreuse.fr\/annuaire\/wp-content\/uploads\/2019\/07\/image1-180.png\" alt=\"\" data-asset-id=\"12261\" data-source-id=\"i.0\" \/><\/p>\n<h4 style=\"text-align: center;\"><span style=\"color: #008000;\"><strong>ma\u00e7on <\/strong>et<strong> <em>\u25ba<a href=\"https:\/\/www.lesmaconsdelacreuse.fr\/annuaires\/wp-content\/uploads\/2020\/08\/LOGEUR-LOGEUSE.png\"><span style=\"color: #008000;\">logeur<\/span><\/a><\/em><br \/>\n<\/strong><\/span><\/h4>\n<p>&nbsp;<\/p>\n<p style=\"text-align: center;\">n\u00e9 \u00e0 Garnaud (Ch\u00e2telus-le-Marcheix)<\/p>\n<p style=\"text-align: center;\">le 7 f\u00e9vrier 1821<\/p>\n<p style=\"text-align: center;\">fils de<\/p>\n<p style=\"text-align: center;\">Fran\u00e7ois TOUNY \/ Anne COUTY<\/p>\n<p style=\"text-align: center;\">propri\u00e9taires cultivateurs<\/p>\n<p style=\"text-align: center;\"><span style=\"color: #ffffff;\">\u25d9<\/span><\/p>\n<p><em>Jean, <\/em><span style=\"color: #008000;\"><strong>ma\u00e7on<\/strong><\/span><em>, \u00e9pouse Marie <\/em><strong>DIZIER<\/strong><em> le 14 janvier <\/em><strong>1845<\/strong><em> \u00e0 Morterolles. Il ne sait pas encore signer.<\/em><\/p>\n<p><em>Le couple vit d\u2019abord au Breuil, m\u00eame commune (naissance de leur fils Jean la m\u00eame ann\u00e9e). <\/em><\/p>\n<p><strong>En 1853<\/strong><em>, ils habitent Bourganeuf.<\/em><\/p>\n<p><strong>En 1865<\/strong><em>, ils sont \u00e0 <\/em><span style=\"color: #0000ff;\"><strong>Reims (51)<\/strong><\/span><em>, 14, rue Br\u00fbl\u00e9e, et Jean y est <\/em><strong><span style=\"color: #008000;\">logeur<\/span>.<\/strong><\/p>\n<p><em> Ils y sont encore <\/em><strong>en 1885<\/strong><em>.<\/em><\/p>\n<p>&nbsp;<\/p>\n","protected":false},"excerpt":{"rendered":"<p>Mis \u00e0 jour le : 29\/04\/2026Jean TOUNY 1821 \u2013 apr\u00e8s 1885 ma\u00e7on et \u25balogeur &nbsp; n\u00e9 \u00e0 Garnaud (Ch\u00e2telus-le-Marcheix) le 7 f\u00e9vrier 1821 fils de Fran\u00e7ois TOUNY \/ Anne COUTY propri\u00e9taires cultivateurs \u25d9 Jean, ma\u00e7on, \u00e9pouse Marie DIZIER le 14 janvier 1845 \u00e0 Morterolles. Il ne sait pas encore signer. Le couple vit d\u2019abord au ..<\/p>\n<div class=\"clear-fix\"><\/div>\n<p><a href=\"https:\/\/www.lesmaconsdelacreuse.fr\/annuaires\/lettre-t\/t_321\/\" title=\"Lire la suite...\">Lire la suite<\/a><\/p>\n","protected":false},"author":2,"featured_media":0,"comment_status":"closed","ping_status":"closed","sticky":false,"template":"","format":"standard","meta":{"_acf_changed":false,"_exactmetrics_skip_tracking":false,"_exactmetrics_sitenote_active":false,"_exactmetrics_sitenote_note":"","_exactmetrics_sitenote_category":0,"footnotes":""},"categories":[13],"tags":[],"class_list":["post-12262","post","type-post","status-publish","format-standard","hentry","category-lettre-t"],"acf":[],"_links":{"self":[{"href":"https:\/\/www.lesmaconsdelacreuse.fr\/annuaires\/wp-json\/wp\/v2\/posts\/12262","targetHints":{"allow":["GET"]}}],"collection":[{"href":"https:\/\/www.lesmaconsdelacreuse.fr\/annuaires\/wp-json\/wp\/v2\/posts"}],"about":[{"href":"https:\/\/www.lesmaconsdelacreuse.fr\/annuaires\/wp-json\/wp\/v2\/types\/post"}],"author":[{"embeddable":true,"href":"https:\/\/www.lesmaconsdelacreuse.fr\/annuaires\/wp-json\/wp\/v2\/users\/2"}],"replies":[{"embeddable":true,"href":"https:\/\/www.lesmaconsdelacreuse.fr\/annuaires\/wp-json\/wp\/v2\/comments?post=12262"}],"version-history":[{"count":0,"href":"https:\/\/www.lesmaconsdelacreuse.fr\/annuaires\/wp-json\/wp\/v2\/posts\/12262\/revisions"}],"wp:attachment":[{"href":"https:\/\/www.lesmaconsdelacreuse.fr\/annuaires\/wp-json\/wp\/v2\/media?parent=12262"}],"wp:term":[{"taxonomy":"category","embeddable":true,"href":"https:\/\/www.lesmaconsdelacreuse.fr\/annuaires\/wp-json\/wp\/v2\/categories?post=12262"},{"taxonomy":"post_tag","embeddable":true,"href":"https:\/\/www.lesmaconsdelacreuse.fr\/annuaires\/wp-json\/wp\/v2\/tags?post=12262"}],"curies":[{"name":"wp","href":"https:\/\/api.w.org\/{rel}","templated":true}]}}