{"id":12264,"date":"2019-07-28T16:14:17","date_gmt":"2019-07-28T14:14:17","guid":{"rendered":"http:\/\/lesmaconsdelacreuse.fr\/annuaire\/?p=12264"},"modified":"2020-10-05T14:32:36","modified_gmt":"2020-10-05T12:32:36","slug":"t_260","status":"publish","type":"post","link":"https:\/\/www.lesmaconsdelacreuse.fr\/annuaires\/lettre-t\/t_260\/","title":{"rendered":"TIXIER Jean-Baptiste D\u00e9sir\u00e9 (1899-1976)"},"content":{"rendered":"<p class=\"last-updated\"><strong>Mis \u00e0 jour le :<\/strong> 27\/04\/2026<\/p><h2 style=\"text-align: center;\"><strong>Jean-Baptiste D\u00e9sir\u00e9 TIXIER<\/strong><\/h2>\n<p style=\"text-align: center;\"><strong>Baptiste TIXIER<\/strong><\/p>\n<p style=\"text-align: center;\"><strong>1899 \u2013 1976<\/strong><\/p>\n<p style=\"text-align: center;\"><img loading=\"lazy\" decoding=\"async\" class=\"\" title=\"\" src=\"https:\/\/lesmaconsdelacreuse.fr\/annuaire\/wp-content\/uploads\/2019\/07\/image1-2902.jpg\" alt=\"\" width=\"157\" height=\"56\" data-asset-id=\"12263\" data-source-id=\"i.0\" \/><\/p>\n<h4 style=\"text-align: center;\"><span style=\"color: #008000;\"><strong>ma\u00e7on<\/strong>;\u00a0\u00a0<strong><a href=\"https:\/\/www.lesmaconsdelacreuse.fr\/annuaires\/wp-content\/uploads\/2020\/07\/TAILLEUR-DE-PIERRE.png\">\u25ba <span style=\"color: #008000;\">tailleur de pierre<\/span><\/a> <\/strong>et\u00a0<a style=\"color: #008000;\" href=\"https:\/\/www.lesmaconsdelacreuse.fr\/annuaires\/wp-content\/uploads\/2020\/08\/CARRIER.png\"><strong><em>\u25ba<\/em> carrier\u00a0<\/strong><\/a>; <strong>cultivateur<\/strong><\/span><\/h4>\n<p>&nbsp;<\/p>\n<p style=\"text-align: center;\">n\u00e9 au bourg de Saint-Junien-la-Breg\u00e8re<\/p>\n<p style=\"text-align: center;\">le 10 mars 1899<\/p>\n<p style=\"text-align: center;\">fils de<\/p>\n<p style=\"text-align: center;\">Pierre TIXIER \/ Marie BEAUPERTUS<\/p>\n<p style=\"text-align: center;\">cultivateurs<\/p>\n<p style=\"text-align: center;\"><span style=\"color: #ffffff;\">\u25d9<\/span><\/p>\n<p>\u25ba<a href=\"https:\/\/www.lesmaconsdelacreuse.fr\/annuaires\/\/wp-content\/uploads\/PHOTOS_-_CARTES_POSTALES\/TIXIER_Baptiste_.jpg\" target=\"_blank\" rel=\"noopener noreferrer\">Baptiste<\/a><em> \u00e9pouse Marie L\u00e9onie <\/em><strong>L\u00c9LY<\/strong><em> le 28 janvier <\/em><strong>1922<\/strong><em> \u00e0 Roy\u00e8re (mari\u00e9s sans contrat). Ils habitent Le Compeix, commune de Saint-Pierre-le-Bost, puis Le Picq, commune de Roy\u00e8re. <\/em><\/p>\n<p><strong>En 1926<\/strong><em>, Baptiste travaille comme tailleur de pierre pour l\u2019entreprise BIGNAUD-JOUANDOU \u00e0 \u25ba<a href=\"https:\/\/www.lesmaconsdelacreuse.fr\/annuaires\/\/wp-content\/uploads\/PHOTOS_-_CARTES_POSTALES\/ROCHE_DU_PICQ_1_.JPG\" target=\"_blank\" rel=\"noopener noreferrer\">La Roche du Picq<\/a>.<\/em><\/p>\n<p><em>Les \u00e9poux d\u00e9c\u00e8dent\u00a0:<\/em><\/p>\n<ul>\n<li><em>L\u00e9onie, \u00e0 Saint-Junien, le 9 octobre <\/em><strong>1974<\/strong><em>, \u00e2g\u00e9e de 72 ans<\/em><\/li>\n<li><em> Jean-Baptiste, \u00e0 Bourganeuf , le 20 d\u00e9cembre <\/em><strong>1976<\/strong><em>, \u00e2g\u00e9 de 77 ans<\/em><\/li>\n<\/ul>\n<p><strong>\u00a0<\/strong><\/p>\n","protected":false},"excerpt":{"rendered":"<p>Mis \u00e0 jour le : 27\/04\/2026Jean-Baptiste D\u00e9sir\u00e9 TIXIER Baptiste TIXIER 1899 \u2013 1976 ma\u00e7on;\u00a0\u00a0\u25ba tailleur de pierre et\u00a0\u25ba carrier\u00a0; cultivateur &nbsp; n\u00e9 au bourg de Saint-Junien-la-Breg\u00e8re le 10 mars 1899 fils de Pierre TIXIER \/ Marie BEAUPERTUS cultivateurs \u25d9 \u25baBaptiste \u00e9pouse Marie L\u00e9onie L\u00c9LY le 28 janvier 1922 \u00e0 Roy\u00e8re (mari\u00e9s sans contrat). Ils habitent ..<\/p>\n<div class=\"clear-fix\"><\/div>\n<p><a href=\"https:\/\/www.lesmaconsdelacreuse.fr\/annuaires\/lettre-t\/t_260\/\" title=\"Lire la suite...\">Lire la suite<\/a><\/p>\n","protected":false},"author":2,"featured_media":0,"comment_status":"closed","ping_status":"closed","sticky":false,"template":"","format":"standard","meta":{"_acf_changed":false,"_exactmetrics_skip_tracking":false,"_exactmetrics_sitenote_active":false,"_exactmetrics_sitenote_note":"","_exactmetrics_sitenote_category":0,"footnotes":""},"categories":[13],"tags":[],"class_list":["post-12264","post","type-post","status-publish","format-standard","hentry","category-lettre-t"],"acf":[],"_links":{"self":[{"href":"https:\/\/www.lesmaconsdelacreuse.fr\/annuaires\/wp-json\/wp\/v2\/posts\/12264","targetHints":{"allow":["GET"]}}],"collection":[{"href":"https:\/\/www.lesmaconsdelacreuse.fr\/annuaires\/wp-json\/wp\/v2\/posts"}],"about":[{"href":"https:\/\/www.lesmaconsdelacreuse.fr\/annuaires\/wp-json\/wp\/v2\/types\/post"}],"author":[{"embeddable":true,"href":"https:\/\/www.lesmaconsdelacreuse.fr\/annuaires\/wp-json\/wp\/v2\/users\/2"}],"replies":[{"embeddable":true,"href":"https:\/\/www.lesmaconsdelacreuse.fr\/annuaires\/wp-json\/wp\/v2\/comments?post=12264"}],"version-history":[{"count":0,"href":"https:\/\/www.lesmaconsdelacreuse.fr\/annuaires\/wp-json\/wp\/v2\/posts\/12264\/revisions"}],"wp:attachment":[{"href":"https:\/\/www.lesmaconsdelacreuse.fr\/annuaires\/wp-json\/wp\/v2\/media?parent=12264"}],"wp:term":[{"taxonomy":"category","embeddable":true,"href":"https:\/\/www.lesmaconsdelacreuse.fr\/annuaires\/wp-json\/wp\/v2\/categories?post=12264"},{"taxonomy":"post_tag","embeddable":true,"href":"https:\/\/www.lesmaconsdelacreuse.fr\/annuaires\/wp-json\/wp\/v2\/tags?post=12264"}],"curies":[{"name":"wp","href":"https:\/\/api.w.org\/{rel}","templated":true}]}}