{"id":12274,"date":"2019-07-28T16:14:16","date_gmt":"2019-07-28T14:14:16","guid":{"rendered":"http:\/\/lesmaconsdelacreuse.fr\/annuaire\/?p=12274"},"modified":"2020-09-26T08:01:36","modified_gmt":"2020-09-26T06:01:36","slug":"t_299","status":"publish","type":"post","link":"https:\/\/www.lesmaconsdelacreuse.fr\/annuaires\/lettre-t\/t_299\/","title":{"rendered":"TIXIER Pierre \u00c9loi (1866-1934)"},"content":{"rendered":"<p class=\"last-updated\"><strong>Mis \u00e0 jour le :<\/strong> 29\/04\/2026<\/p><h2 style=\"text-align: center;\"><strong>Pierre \u00c9loi TIXIER<\/strong><\/h2>\n<p style=\"text-align: center;\"><strong>Pierre TIXIER<\/strong><\/p>\n<p style=\"text-align: center;\"><strong>1866 \u2013 1934<\/strong><\/p>\n<p style=\"text-align: center;\"><img decoding=\"async\" title=\"\" src=\"https:\/\/lesmaconsdelacreuse.fr\/annuaire\/wp-content\/uploads\/2019\/07\/image1-181.png\" alt=\"\" data-asset-id=\"12273\" data-source-id=\"i.0\" \/><\/p>\n<h4 style=\"text-align: center;\"><span style=\"color: #008000;\"><strong>ma\u00e7on<\/strong> et<strong> cultivateur<\/strong><\/span><\/h4>\n<p>&nbsp;<\/p>\n<p style=\"text-align: center;\">n\u00e9 \u00e0 Boussac (Saint-Martin-Ch\u00e2teau)<\/p>\n<p style=\"text-align: center;\">le 26 septembre 1866<\/p>\n<p style=\"text-align: center;\">fils de<\/p>\n<p style=\"text-align: center;\">Fran\u00e7ois TIXIER,<span style=\"color: #008000;\"> <strong>ma\u00e7on<\/strong><\/span><\/p>\n<p style=\"text-align: center;\">Marie Michelle Jos\u00e9phine BALAYRE<\/p>\n<p style=\"text-align: center;\">propri\u00e9taires cultivateurs<\/p>\n<p style=\"text-align: center;\"><span style=\"color: #ffffff;\">\u25d9<\/span><\/p>\n<p><strong>En 1891<\/strong><em>, Pierre travaille \u00e0 <\/em><span style=\"color: #0000ff;\"><strong>Lyon (69)<\/strong><\/span><em>, et loge 111, chemin de Choulans.<\/em><\/p>\n<p><em>Il \u00e9pouse Anna <\/em><strong>COULAUD<\/strong><em> le 5 mars <\/em><strong>1892<\/strong><em> \u00e0 Saint-Martin (contrat Va\u00efsse \u00e0 Bourganeuf). Ils habitent d\u2019abord Buze, commune de Saint-Pardoux-Lavaud. <\/em><\/p>\n<p><em>Pierre continue \u00e0 travailler \u00e0 Lyon, et loge\u00a0:<\/em><\/p>\n<p><strong>en 1893<\/strong><em>, adresse de 1891\u00a0;<\/em><\/p>\n<p><strong>en 1897<\/strong><em>, 9, rue de la Favorite\u00a0;<\/em><\/p>\n<p><strong>en 1898<\/strong><em>, 2, mont\u00e9e de Loyasse\u00a0;<\/em><\/p>\n<p><strong>en 1899<\/strong><em>, 30, chemin de la Favorite\u00a0;<\/em><\/p>\n<p><strong>en 1905 et 1906<\/strong><em><strong>,<\/strong> les \u00e9poux sont 39, rue des Macchab\u00e9es, puis 4, rue Basse-Verch\u00e8re.<\/em><\/p>\n<p><em>Ils d\u00e9c\u00e8dent\u00a0:<\/em><\/p>\n<ul>\n<li><em>Pierre, \u00e0 Buze, le 17 mars <\/em><strong>1934<\/strong><em>, \u00e2g\u00e9 de 67 ans<\/em><\/li>\n<li><em> Anna, au bourg de Saint-Martin-Ch\u00e2teau, le 21 juin <\/em><strong>1941<\/strong><em>, \u00e2g\u00e9e de 69 ans<\/em><\/li>\n<\/ul>\n<p>&nbsp;<\/p>\n","protected":false},"excerpt":{"rendered":"<p>Mis \u00e0 jour le : 29\/04\/2026Pierre \u00c9loi TIXIER Pierre TIXIER 1866 \u2013 1934 ma\u00e7on et cultivateur &nbsp; n\u00e9 \u00e0 Boussac (Saint-Martin-Ch\u00e2teau) le 26 septembre 1866 fils de Fran\u00e7ois TIXIER, ma\u00e7on Marie Michelle Jos\u00e9phine BALAYRE propri\u00e9taires cultivateurs \u25d9 En 1891, Pierre travaille \u00e0 Lyon (69), et loge 111, chemin de Choulans. Il \u00e9pouse Anna COULAUD le ..<\/p>\n<div class=\"clear-fix\"><\/div>\n<p><a href=\"https:\/\/www.lesmaconsdelacreuse.fr\/annuaires\/lettre-t\/t_299\/\" title=\"Lire la suite...\">Lire la suite<\/a><\/p>\n","protected":false},"author":2,"featured_media":0,"comment_status":"closed","ping_status":"closed","sticky":false,"template":"","format":"standard","meta":{"_acf_changed":false,"_exactmetrics_skip_tracking":false,"_exactmetrics_sitenote_active":false,"_exactmetrics_sitenote_note":"","_exactmetrics_sitenote_category":0,"footnotes":""},"categories":[13],"tags":[],"class_list":["post-12274","post","type-post","status-publish","format-standard","hentry","category-lettre-t"],"acf":[],"_links":{"self":[{"href":"https:\/\/www.lesmaconsdelacreuse.fr\/annuaires\/wp-json\/wp\/v2\/posts\/12274","targetHints":{"allow":["GET"]}}],"collection":[{"href":"https:\/\/www.lesmaconsdelacreuse.fr\/annuaires\/wp-json\/wp\/v2\/posts"}],"about":[{"href":"https:\/\/www.lesmaconsdelacreuse.fr\/annuaires\/wp-json\/wp\/v2\/types\/post"}],"author":[{"embeddable":true,"href":"https:\/\/www.lesmaconsdelacreuse.fr\/annuaires\/wp-json\/wp\/v2\/users\/2"}],"replies":[{"embeddable":true,"href":"https:\/\/www.lesmaconsdelacreuse.fr\/annuaires\/wp-json\/wp\/v2\/comments?post=12274"}],"version-history":[{"count":0,"href":"https:\/\/www.lesmaconsdelacreuse.fr\/annuaires\/wp-json\/wp\/v2\/posts\/12274\/revisions"}],"wp:attachment":[{"href":"https:\/\/www.lesmaconsdelacreuse.fr\/annuaires\/wp-json\/wp\/v2\/media?parent=12274"}],"wp:term":[{"taxonomy":"category","embeddable":true,"href":"https:\/\/www.lesmaconsdelacreuse.fr\/annuaires\/wp-json\/wp\/v2\/categories?post=12274"},{"taxonomy":"post_tag","embeddable":true,"href":"https:\/\/www.lesmaconsdelacreuse.fr\/annuaires\/wp-json\/wp\/v2\/tags?post=12274"}],"curies":[{"name":"wp","href":"https:\/\/api.w.org\/{rel}","templated":true}]}}