{"id":12280,"date":"2019-07-28T16:14:16","date_gmt":"2019-07-28T14:14:16","guid":{"rendered":"http:\/\/lesmaconsdelacreuse.fr\/annuaire\/?p=12280"},"modified":"2020-01-20T11:23:49","modified_gmt":"2020-01-20T10:23:49","slug":"t_295","status":"publish","type":"post","link":"https:\/\/www.lesmaconsdelacreuse.fr\/annuaires\/lettre-t\/t_295\/","title":{"rendered":"TIXIER Pierre (1834-1890)"},"content":{"rendered":"<p class=\"last-updated\"><strong>Mis \u00e0 jour le :<\/strong> 29\/04\/2026<\/p><h2 style=\"text-align: center;\"><strong>Pierre TIXIER<\/strong><\/h2>\n<p style=\"text-align: center;\"><strong>1834 \u2013 1890<\/strong><\/p>\n<p style=\"text-align: center;\"><img decoding=\"async\" title=\"\" src=\"https:\/\/lesmaconsdelacreuse.fr\/annuaire\/wp-content\/uploads\/2019\/07\/image1-2906.jpg\" alt=\"\" data-asset-id=\"12278\" data-source-id=\"i.0\" \/><\/p>\n<h4 style=\"text-align: center;\"><span style=\"color: #008000;\"><strong>ma\u00e7on <\/strong>et <strong>propri\u00e9taire cultivateur<\/strong><\/span><\/h4>\n<p style=\"text-align: center;\">n\u00e9 \u00e0 La Chaise (Saint-Pardoux-Lavaud)<\/p>\n<p style=\"text-align: center;\">le 4 septembre 1834<\/p>\n<p style=\"text-align: center;\">fils de<\/p>\n<p style=\"text-align: center;\">Pierre TIXIER, <span style=\"color: #008000;\"><strong>ma\u00e7on<\/strong><\/span><\/p>\n<p style=\"text-align: center;\">Catherine DENIS, cultivatrice<\/p>\n<p style=\"text-align: center;\"><span style=\"color: #ffffff;\">\u25d9<\/span><\/p>\n<p><strong>En 1855<\/strong><em>, Pierre est exempt\u00e9 de service militaire pour d\u00e9faut de taille (1m54) et faiblesse de constitution.<\/em><\/p>\n<p><em>Il \u00e9pouse Anne <\/em><strong>TAUTY<\/strong><em> le 29 janvier <\/em><strong>1857<\/strong> <em>\u00e0 Roy\u00e8re (contrat Toumieux). Ils vivent \u00e0 Langladure, puis \u00e0 Larfouill\u00e8re, les deux, commune de Roy\u00e8re.<\/em><\/p>\n<p><em> Ils d\u00e9c\u00e8dent \u00e0 Larfouill\u00e8re\u00a0:<\/em><\/p>\n<ul>\n<li><em>Pierre, le 10 juillet <\/em><strong>1890<\/strong><em>, \u00e2g\u00e9 de 55 ans<\/em><\/li>\n<li><em>Anne, le 4 juillet <\/em><strong>1894<\/strong><em>, \u00e2g\u00e9e de 57 ans<\/em><\/li>\n<\/ul>\n","protected":false},"excerpt":{"rendered":"<p>Mis \u00e0 jour le : 29\/04\/2026Pierre TIXIER 1834 \u2013 1890 ma\u00e7on et propri\u00e9taire cultivateur n\u00e9 \u00e0 La Chaise (Saint-Pardoux-Lavaud) le 4 septembre 1834 fils de Pierre TIXIER, ma\u00e7on Catherine DENIS, cultivatrice \u25d9 En 1855, Pierre est exempt\u00e9 de service militaire pour d\u00e9faut de taille (1m54) et faiblesse de constitution. Il \u00e9pouse Anne TAUTY le 29 ..<\/p>\n<div class=\"clear-fix\"><\/div>\n<p><a href=\"https:\/\/www.lesmaconsdelacreuse.fr\/annuaires\/lettre-t\/t_295\/\" title=\"Lire la suite...\">Lire la suite<\/a><\/p>\n","protected":false},"author":2,"featured_media":0,"comment_status":"closed","ping_status":"closed","sticky":false,"template":"","format":"standard","meta":{"_acf_changed":false,"_exactmetrics_skip_tracking":false,"_exactmetrics_sitenote_active":false,"_exactmetrics_sitenote_note":"","_exactmetrics_sitenote_category":0,"footnotes":""},"categories":[13],"tags":[],"class_list":["post-12280","post","type-post","status-publish","format-standard","hentry","category-lettre-t"],"acf":[],"_links":{"self":[{"href":"https:\/\/www.lesmaconsdelacreuse.fr\/annuaires\/wp-json\/wp\/v2\/posts\/12280","targetHints":{"allow":["GET"]}}],"collection":[{"href":"https:\/\/www.lesmaconsdelacreuse.fr\/annuaires\/wp-json\/wp\/v2\/posts"}],"about":[{"href":"https:\/\/www.lesmaconsdelacreuse.fr\/annuaires\/wp-json\/wp\/v2\/types\/post"}],"author":[{"embeddable":true,"href":"https:\/\/www.lesmaconsdelacreuse.fr\/annuaires\/wp-json\/wp\/v2\/users\/2"}],"replies":[{"embeddable":true,"href":"https:\/\/www.lesmaconsdelacreuse.fr\/annuaires\/wp-json\/wp\/v2\/comments?post=12280"}],"version-history":[{"count":0,"href":"https:\/\/www.lesmaconsdelacreuse.fr\/annuaires\/wp-json\/wp\/v2\/posts\/12280\/revisions"}],"wp:attachment":[{"href":"https:\/\/www.lesmaconsdelacreuse.fr\/annuaires\/wp-json\/wp\/v2\/media?parent=12280"}],"wp:term":[{"taxonomy":"category","embeddable":true,"href":"https:\/\/www.lesmaconsdelacreuse.fr\/annuaires\/wp-json\/wp\/v2\/categories?post=12280"},{"taxonomy":"post_tag","embeddable":true,"href":"https:\/\/www.lesmaconsdelacreuse.fr\/annuaires\/wp-json\/wp\/v2\/tags?post=12280"}],"curies":[{"name":"wp","href":"https:\/\/api.w.org\/{rel}","templated":true}]}}