{"id":12289,"date":"2019-07-28T16:14:16","date_gmt":"2019-07-28T14:14:16","guid":{"rendered":"http:\/\/lesmaconsdelacreuse.fr\/annuaire\/?p=12289"},"modified":"2022-12-13T16:05:16","modified_gmt":"2022-12-13T15:05:16","slug":"t_266","status":"publish","type":"post","link":"https:\/\/www.lesmaconsdelacreuse.fr\/annuaires\/lettre-t\/t_266\/","title":{"rendered":"TIXIER L\u00e9onard (vers 1649-1689)"},"content":{"rendered":"<p class=\"last-updated\"><strong>Mis \u00e0 jour le :<\/strong> 29\/04\/2026<\/p><h2 style=\"text-align: center;\"><strong>L\u00e9onard TIXIER<\/strong><\/h2>\n<p style=\"text-align: center;\"><strong>vers 1649 \u2013 1689<\/strong><\/p>\n<p style=\"text-align: center;\"><img decoding=\"async\" title=\"\" src=\"https:\/\/lesmaconsdelacreuse.fr\/annuaire\/wp-content\/uploads\/2019\/07\/image1-2910.jpg\" alt=\"\" data-asset-id=\"12287\" data-source-id=\"i.0\" \/><\/p>\n<h4 style=\"text-align: center;\"><span style=\"color: #008000;\"><strong>ma\u00e7on<\/strong>; <strong>laboureur <\/strong>et<strong> \u25ba<a href=\"https:\/\/www.lesmaconsdelacreuse.fr\/annuaires\/wp-content\/uploads\/2020\/08\/FERMIER-M\u00c9TAYER.png\" target=\"_blank\" rel=\"noopener noreferrer\"><span style=\"color: #008000;\">m\u00e9tayer<\/span><\/a><br \/>\n<\/strong><\/span><\/h4>\n<p>&nbsp;<\/p>\n<p style=\"text-align: center;\">n\u00e9 \u00e0 Prugnolas (Roy\u00e8re)\u00a0?<\/p>\n<p style=\"text-align: center;\">vers 1649<\/p>\n<p style=\"text-align: center;\">fils de<\/p>\n<p style=\"text-align: center;\">Martial TIXIER \/ L\u00e9onarde JABELLY<\/p>\n<p style=\"text-align: center;\">laboureurs<\/p>\n<p style=\"text-align: center;\"><span style=\"color: #ffffff;\">\u25d9<\/span><\/p>\n<p><em>L\u00e9onard \u00e9pouse Jeanne <\/em><strong>PARADOUX<\/strong><em>, veuve de Jean CHARPILLOUX, le 2 f\u00e9vrier <\/em><strong>1671<\/strong><em> \u00e0 Roy\u00e8re.<\/em><\/p>\n<p><em>Ils habitent La Mazure, m\u00eame paroisse.<\/em><\/p>\n<p><em> Ils y d\u00e9c\u00e8dent\u00a0:<\/em><\/p>\n<ul>\n<li><em>L\u00e9onard, le 19 mars <\/em><strong>1689<\/strong><em>, \u00e2g\u00e9 de 40 ans environ<\/em><\/li>\n<li><em>Jeanne, le 23 septembre <\/em><strong>1722<\/strong><em>, \u00e2g\u00e9e de 90 ans environ<\/em><\/li>\n<\/ul>\n<p>S17<\/p>\n<p>&nbsp;<\/p>\n","protected":false},"excerpt":{"rendered":"<p>Mis \u00e0 jour le : 29\/04\/2026L\u00e9onard TIXIER vers 1649 \u2013 1689 ma\u00e7on; laboureur et \u25bam\u00e9tayer &nbsp; n\u00e9 \u00e0 Prugnolas (Roy\u00e8re)\u00a0? vers 1649 fils de Martial TIXIER \/ L\u00e9onarde JABELLY laboureurs \u25d9 L\u00e9onard \u00e9pouse Jeanne PARADOUX, veuve de Jean CHARPILLOUX, le 2 f\u00e9vrier 1671 \u00e0 Roy\u00e8re. Ils habitent La Mazure, m\u00eame paroisse. Ils y d\u00e9c\u00e8dent\u00a0: L\u00e9onard, ..<\/p>\n<div class=\"clear-fix\"><\/div>\n<p><a href=\"https:\/\/www.lesmaconsdelacreuse.fr\/annuaires\/lettre-t\/t_266\/\" title=\"Lire la suite...\">Lire la suite<\/a><\/p>\n","protected":false},"author":2,"featured_media":0,"comment_status":"closed","ping_status":"closed","sticky":false,"template":"","format":"standard","meta":{"_acf_changed":false,"_exactmetrics_skip_tracking":false,"_exactmetrics_sitenote_active":false,"_exactmetrics_sitenote_note":"","_exactmetrics_sitenote_category":0,"footnotes":""},"categories":[13],"tags":[],"class_list":["post-12289","post","type-post","status-publish","format-standard","hentry","category-lettre-t"],"acf":[],"_links":{"self":[{"href":"https:\/\/www.lesmaconsdelacreuse.fr\/annuaires\/wp-json\/wp\/v2\/posts\/12289","targetHints":{"allow":["GET"]}}],"collection":[{"href":"https:\/\/www.lesmaconsdelacreuse.fr\/annuaires\/wp-json\/wp\/v2\/posts"}],"about":[{"href":"https:\/\/www.lesmaconsdelacreuse.fr\/annuaires\/wp-json\/wp\/v2\/types\/post"}],"author":[{"embeddable":true,"href":"https:\/\/www.lesmaconsdelacreuse.fr\/annuaires\/wp-json\/wp\/v2\/users\/2"}],"replies":[{"embeddable":true,"href":"https:\/\/www.lesmaconsdelacreuse.fr\/annuaires\/wp-json\/wp\/v2\/comments?post=12289"}],"version-history":[{"count":1,"href":"https:\/\/www.lesmaconsdelacreuse.fr\/annuaires\/wp-json\/wp\/v2\/posts\/12289\/revisions"}],"predecessor-version":[{"id":203082,"href":"https:\/\/www.lesmaconsdelacreuse.fr\/annuaires\/wp-json\/wp\/v2\/posts\/12289\/revisions\/203082"}],"wp:attachment":[{"href":"https:\/\/www.lesmaconsdelacreuse.fr\/annuaires\/wp-json\/wp\/v2\/media?parent=12289"}],"wp:term":[{"taxonomy":"category","embeddable":true,"href":"https:\/\/www.lesmaconsdelacreuse.fr\/annuaires\/wp-json\/wp\/v2\/categories?post=12289"},{"taxonomy":"post_tag","embeddable":true,"href":"https:\/\/www.lesmaconsdelacreuse.fr\/annuaires\/wp-json\/wp\/v2\/tags?post=12289"}],"curies":[{"name":"wp","href":"https:\/\/api.w.org\/{rel}","templated":true}]}}