{"id":12295,"date":"2019-07-28T16:14:15","date_gmt":"2019-07-28T14:14:15","guid":{"rendered":"http:\/\/lesmaconsdelacreuse.fr\/annuaire\/?p=12295"},"modified":"2020-01-20T11:23:50","modified_gmt":"2020-01-20T10:23:50","slug":"t_263","status":"publish","type":"post","link":"https:\/\/www.lesmaconsdelacreuse.fr\/annuaires\/lettre-t\/t_263\/","title":{"rendered":"TIXIER Jean-Jacques (1781-1824)"},"content":{"rendered":"<p class=\"last-updated\"><strong>Mis \u00e0 jour le :<\/strong> 29\/04\/2026<\/p><h2 style=\"text-align: center;\"><strong>Jean-Jacques TIXIER<\/strong><\/h2>\n<p style=\"text-align: center;\"><strong>1781 \u2013 1824<\/strong><\/p>\n<p style=\"text-align: center;\"><img decoding=\"async\" title=\"\" src=\"https:\/\/lesmaconsdelacreuse.fr\/annuaire\/wp-content\/uploads\/2019\/07\/image1-2913.jpg\" alt=\"\" data-asset-id=\"12294\" data-source-id=\"i.0\" \/><\/p>\n<h4 style=\"text-align: center;\"><span style=\"color: #008000;\"><strong>ma\u00e7on<\/strong> et <strong>tisserand<\/strong>;\u00a0<strong>cultivateur<\/strong><\/span><\/h4>\n<p style=\"text-align: center;\">n\u00e9 au bourg de Roy\u00e8re<\/p>\n<p style=\"text-align: center;\">le 19 novembre 1781<\/p>\n<p style=\"text-align: center;\">fils de<\/p>\n<p style=\"text-align: center;\">Arnaud TIXIER, <span style=\"color: #008000;\"><strong>ma\u00e7on <span style=\"color: #008000;\">\/ <\/span><\/strong><\/span>Th\u00e9r\u00e8se CHAPELLENIE<\/p>\n<p style=\"text-align: center;\"><span style=\"color: #ffffff;\">\u25d9<\/span><\/p>\n<p><em>Jean-Jacques \u00e9pouse Jeanne <\/em><strong>GASPARY<\/strong><em> le 27 janvier <\/em><strong>1806<\/strong><em> \u00e0 Roy\u00e8re.<\/em><\/p>\n<p><em> Ils habitent Roy\u00e8re o\u00f9 d\u00e9c\u00e8de Jeanne le 11 juin <\/em><strong>1808<\/strong><em>, \u00e2g\u00e9e de 29 ans.<\/em><\/p>\n<p><em> Jean-Jacques se remarie le 26 septembre de la m\u00eame ann\u00e9e<\/em> <em>\u00e0 Roy\u00e8re avec Catherine <\/em><strong>LENOIR<\/strong><em> (contrat Coutisson). Ils habitent le bourg.<\/em><\/p>\n<p><em> Jean-Jacques, \u00ab\u00a0ma\u00e7on voyageur\u00a0\u00bb d\u00e9c\u00e8de \u00e0 l\u2019Hospice de <\/em><span style=\"color: #0000ff;\"><strong>Roanne (42)<\/strong><\/span><em> le 29 avril <\/em><strong>1824<\/strong><em>, \u00e2g\u00e9 de 42 ans.<\/em><\/p>\n<p><em>Sa veuve se remarie en 1827 avec Gabriel TARNAT, ma\u00e7on, et d\u00e9c\u00e8de au bourg de Roy\u00e8re le 15 juillet 1859, \u00e2g\u00e9e de 74 ans.<\/em><\/p>\n","protected":false},"excerpt":{"rendered":"<p>Mis \u00e0 jour le : 29\/04\/2026Jean-Jacques TIXIER 1781 \u2013 1824 ma\u00e7on et tisserand;\u00a0cultivateur n\u00e9 au bourg de Roy\u00e8re le 19 novembre 1781 fils de Arnaud TIXIER, ma\u00e7on \/ Th\u00e9r\u00e8se CHAPELLENIE \u25d9 Jean-Jacques \u00e9pouse Jeanne GASPARY le 27 janvier 1806 \u00e0 Roy\u00e8re. Ils habitent Roy\u00e8re o\u00f9 d\u00e9c\u00e8de Jeanne le 11 juin 1808, \u00e2g\u00e9e de 29 ans. ..<\/p>\n<div class=\"clear-fix\"><\/div>\n<p><a href=\"https:\/\/www.lesmaconsdelacreuse.fr\/annuaires\/lettre-t\/t_263\/\" title=\"Lire la suite...\">Lire la suite<\/a><\/p>\n","protected":false},"author":2,"featured_media":0,"comment_status":"closed","ping_status":"closed","sticky":false,"template":"","format":"standard","meta":{"_acf_changed":false,"_exactmetrics_skip_tracking":false,"_exactmetrics_sitenote_active":false,"_exactmetrics_sitenote_note":"","_exactmetrics_sitenote_category":0,"footnotes":""},"categories":[13],"tags":[],"class_list":["post-12295","post","type-post","status-publish","format-standard","hentry","category-lettre-t"],"acf":[],"_links":{"self":[{"href":"https:\/\/www.lesmaconsdelacreuse.fr\/annuaires\/wp-json\/wp\/v2\/posts\/12295","targetHints":{"allow":["GET"]}}],"collection":[{"href":"https:\/\/www.lesmaconsdelacreuse.fr\/annuaires\/wp-json\/wp\/v2\/posts"}],"about":[{"href":"https:\/\/www.lesmaconsdelacreuse.fr\/annuaires\/wp-json\/wp\/v2\/types\/post"}],"author":[{"embeddable":true,"href":"https:\/\/www.lesmaconsdelacreuse.fr\/annuaires\/wp-json\/wp\/v2\/users\/2"}],"replies":[{"embeddable":true,"href":"https:\/\/www.lesmaconsdelacreuse.fr\/annuaires\/wp-json\/wp\/v2\/comments?post=12295"}],"version-history":[{"count":0,"href":"https:\/\/www.lesmaconsdelacreuse.fr\/annuaires\/wp-json\/wp\/v2\/posts\/12295\/revisions"}],"wp:attachment":[{"href":"https:\/\/www.lesmaconsdelacreuse.fr\/annuaires\/wp-json\/wp\/v2\/media?parent=12295"}],"wp:term":[{"taxonomy":"category","embeddable":true,"href":"https:\/\/www.lesmaconsdelacreuse.fr\/annuaires\/wp-json\/wp\/v2\/categories?post=12295"},{"taxonomy":"post_tag","embeddable":true,"href":"https:\/\/www.lesmaconsdelacreuse.fr\/annuaires\/wp-json\/wp\/v2\/tags?post=12295"}],"curies":[{"name":"wp","href":"https:\/\/api.w.org\/{rel}","templated":true}]}}