{"id":12297,"date":"2019-07-28T16:14:15","date_gmt":"2019-07-28T14:14:15","guid":{"rendered":"http:\/\/lesmaconsdelacreuse.fr\/annuaire\/?p=12297"},"modified":"2020-10-14T09:27:16","modified_gmt":"2020-10-14T07:27:16","slug":"t_282","status":"publish","type":"post","link":"https:\/\/www.lesmaconsdelacreuse.fr\/annuaires\/lettre-t\/t_282\/","title":{"rendered":"TIXIER Mathieu (1785-1864)"},"content":{"rendered":"<p class=\"last-updated\"><strong>Mis \u00e0 jour le :<\/strong> 29\/04\/2026<\/p><h2 style=\"text-align: center;\"><strong>Mathieu TIXIER<\/strong><\/h2>\n<p style=\"text-align: center;\"><strong>1785 \u2013 1864<\/strong><\/p>\n<p style=\"text-align: center;\"><img loading=\"lazy\" decoding=\"async\" class=\"\" title=\"\" src=\"https:\/\/lesmaconsdelacreuse.fr\/annuaire\/wp-content\/uploads\/2019\/07\/image1-2914.jpg\" alt=\"\" width=\"411\" height=\"77\" data-asset-id=\"12296\" data-source-id=\"i.0\" \/><\/p>\n<h4 style=\"text-align: center;\"><span style=\"color: #008000;\"><strong>\u25ba\u00a0<span style=\"color: #008000;\"><a style=\"color: #008000;\" href=\"https:\/\/www.lesmaconsdelacreuse.fr\/annuaires\/wp-content\/uploads\/2020\/07\/MA\u00ceTRE-MA\u00c7ON.png\" target=\"_blank\" rel=\"noopener noreferrer\">ma\u00eetre ma\u00e7on<\/a> <\/span><\/strong>et<strong> cultivateur<\/strong><\/span><\/h4>\n<p>&nbsp;<\/p>\n<p style=\"text-align: center;\">n\u00e9 \u00e0 La Croisille (Saint-Pierre-le-Bost)<\/p>\n<p style=\"text-align: center;\">le 21 janvier 1785<\/p>\n<p style=\"text-align: center;\">fils de<\/p>\n<p style=\"text-align: center;\">Martial TIXIER, <span style=\"color: #008000;\"><strong>ma\u00e7on <\/strong><\/span><strong>\/ <\/strong>Marie DUPHOT<\/p>\n<p style=\"text-align: center;\">laboureurs<\/p>\n<p style=\"text-align: center;\"><span style=\"color: #ffffff;\">\u25d9<\/span><\/p>\n<p><em>Mathieu \u00e9pouse Jeanne <\/em><strong>MARG\u00c9RIDON <\/strong><em>le 5 f\u00e9vrier <\/em><strong>1806<\/strong><em> au Monteil-au-Vicomte. Le couple vit \u00e0 La Croisille. <\/em><\/p>\n<p><strong>En 1846 et 1847<\/strong><em>, Mathieu travaille \u00e0 <\/em><span style=\"color: #0000ff;\"><strong>Saint-Genis-les-Olli\u00e8res (69)<\/strong><\/span><em>.<\/em><\/p>\n<p><em>Les \u00e9poux d\u00e9c\u00e8dent\u00a0\u00e0 La Croisille\u00a0:<\/em><\/p>\n<ul>\n<li><em>Jeanne, le 27 mars <\/em><strong>1847<\/strong><em>, \u00e2g\u00e9e de 64 ans<\/em><\/li>\n<li><em>Mathieu, le 29 mars <\/em><strong>1864<\/strong><em>, \u00e2g\u00e9 de 79 ans<\/em><\/li>\n<\/ul>\n<p>&nbsp;<\/p>\n","protected":false},"excerpt":{"rendered":"<p>Mis \u00e0 jour le : 29\/04\/2026Mathieu TIXIER 1785 \u2013 1864 \u25ba\u00a0ma\u00eetre ma\u00e7on et cultivateur &nbsp; n\u00e9 \u00e0 La Croisille (Saint-Pierre-le-Bost) le 21 janvier 1785 fils de Martial TIXIER, ma\u00e7on \/ Marie DUPHOT laboureurs \u25d9 Mathieu \u00e9pouse Jeanne MARG\u00c9RIDON le 5 f\u00e9vrier 1806 au Monteil-au-Vicomte. Le couple vit \u00e0 La Croisille. En 1846 et 1847, Mathieu ..<\/p>\n<div class=\"clear-fix\"><\/div>\n<p><a href=\"https:\/\/www.lesmaconsdelacreuse.fr\/annuaires\/lettre-t\/t_282\/\" title=\"Lire la suite...\">Lire la suite<\/a><\/p>\n","protected":false},"author":2,"featured_media":0,"comment_status":"closed","ping_status":"closed","sticky":false,"template":"","format":"standard","meta":{"_acf_changed":false,"_exactmetrics_skip_tracking":false,"_exactmetrics_sitenote_active":false,"_exactmetrics_sitenote_note":"","_exactmetrics_sitenote_category":0,"footnotes":""},"categories":[13],"tags":[],"class_list":["post-12297","post","type-post","status-publish","format-standard","hentry","category-lettre-t"],"acf":[],"_links":{"self":[{"href":"https:\/\/www.lesmaconsdelacreuse.fr\/annuaires\/wp-json\/wp\/v2\/posts\/12297","targetHints":{"allow":["GET"]}}],"collection":[{"href":"https:\/\/www.lesmaconsdelacreuse.fr\/annuaires\/wp-json\/wp\/v2\/posts"}],"about":[{"href":"https:\/\/www.lesmaconsdelacreuse.fr\/annuaires\/wp-json\/wp\/v2\/types\/post"}],"author":[{"embeddable":true,"href":"https:\/\/www.lesmaconsdelacreuse.fr\/annuaires\/wp-json\/wp\/v2\/users\/2"}],"replies":[{"embeddable":true,"href":"https:\/\/www.lesmaconsdelacreuse.fr\/annuaires\/wp-json\/wp\/v2\/comments?post=12297"}],"version-history":[{"count":0,"href":"https:\/\/www.lesmaconsdelacreuse.fr\/annuaires\/wp-json\/wp\/v2\/posts\/12297\/revisions"}],"wp:attachment":[{"href":"https:\/\/www.lesmaconsdelacreuse.fr\/annuaires\/wp-json\/wp\/v2\/media?parent=12297"}],"wp:term":[{"taxonomy":"category","embeddable":true,"href":"https:\/\/www.lesmaconsdelacreuse.fr\/annuaires\/wp-json\/wp\/v2\/categories?post=12297"},{"taxonomy":"post_tag","embeddable":true,"href":"https:\/\/www.lesmaconsdelacreuse.fr\/annuaires\/wp-json\/wp\/v2\/tags?post=12297"}],"curies":[{"name":"wp","href":"https:\/\/api.w.org\/{rel}","templated":true}]}}