{"id":12299,"date":"2019-07-28T16:14:15","date_gmt":"2019-07-28T14:14:15","guid":{"rendered":"http:\/\/lesmaconsdelacreuse.fr\/annuaire\/?p=12299"},"modified":"2020-10-09T08:27:30","modified_gmt":"2020-10-09T06:27:30","slug":"t_304","status":"publish","type":"post","link":"https:\/\/www.lesmaconsdelacreuse.fr\/annuaires\/lettre-t\/t_304\/","title":{"rendered":"TOUBLANC Jean (1732-1789)"},"content":{"rendered":"<p class=\"last-updated\"><strong>Mis \u00e0 jour le :<\/strong> 29\/04\/2026<\/p><h2 style=\"text-align: center;\"><strong>Jean TOUBLANC<\/strong><\/h2>\n<p style=\"text-align: center;\"><strong>1732 \u2013 1789<\/strong><\/p>\n<p style=\"text-align: center;\"><img decoding=\"async\" title=\"\" src=\"https:\/\/lesmaconsdelacreuse.fr\/annuaire\/wp-content\/uploads\/2019\/07\/image1-2915.jpg\" alt=\"\" data-asset-id=\"12298\" data-source-id=\"i.0\" \/><\/p>\n<h4 style=\"text-align: center;\"><span style=\"color: #008000;\"><strong><em>\u25ba<\/em><span style=\"color: #008000;\"><a style=\"color: #008000;\" href=\"https:\/\/www.lesmaconsdelacreuse.fr\/annuaires\/wp-content\/uploads\/2019\/08\/COMPAGNON-MA\u00c7ON.png\" target=\"_blank\" rel=\"noopener noreferrer\">compagnon ma\u00e7on<\/a> <\/span><\/strong>et <strong>cultivateur<\/strong><\/span><\/h4>\n<p>&nbsp;<\/p>\n<p style=\"text-align: center;\">n\u00e9 \u00e0 Masgrangeas (Roy\u00e8re)<\/p>\n<p style=\"text-align: center;\">le 3 septembre 1732<\/p>\n<p style=\"text-align: center;\">fils de<\/p>\n<p style=\"text-align: center;\">\u00c9tienne TOUBLANC, <span style=\"color: #008000;\"><strong>ma\u00e7on <\/strong><\/span><strong>\/ <\/strong>Jeanne SAUTOUR<\/p>\n<p style=\"text-align: center;\">laboureurs<\/p>\n<p style=\"text-align: center;\"><span style=\"color: #ffffff;\">\u25d9<\/span><\/p>\n<p><em>Jean, <\/em><span style=\"color: #008000;\"><strong>ma\u00e7on<\/strong><\/span><em>, \u00e9pouse Marie <\/em><strong>BOURDEAU<\/strong><em> le 14 f\u00e9vrier <\/em><strong>1752<\/strong> <em>\u00e0 Roy\u00e8re. Ils habitent Haute-Faye, m\u00eame paroisse.<\/em><\/p>\n<p><em> Marie y d\u00e9c\u00e8de le 23 avril <\/em><strong>1769<\/strong><em>, \u00e2g\u00e9e de 31 ans. <\/em><\/p>\n<p><strong>\u25ba<a href=\"https:\/\/www.lesmaconsdelacreuse.fr\/annuaires\/\/wp-content\/uploads\/DOCUMENTS\/1772_-_Jean_TOUBLANC_a_Lyon.pdf\" target=\"_blank\" rel=\"noopener noreferrer\"><span style=\"color: #ff00ff;\">En 1772<\/span><\/a><\/strong><em>, Jean, <\/em><span style=\"color: #008000;\"><strong>compagnon ma\u00e7on<\/strong><\/span><em>, travaille \u00e0 <\/em><span style=\"color: #0000ff;\"><strong>Lyon (69)<\/strong><\/span><em>, et loge au Bourgchanin, paroisse de Saint-Nizier.<\/em><\/p>\n<p><em> Il d\u00e9c\u00e8de \u00e0 Haute-Faye, inhum\u00e9 le 4 avril <\/em><strong>1789<\/strong><em>, \u00e2g\u00e9 de 56 ans. <\/em><\/p>\n<p>&nbsp;<\/p>\n","protected":false},"excerpt":{"rendered":"<p>Mis \u00e0 jour le : 29\/04\/2026Jean TOUBLANC 1732 \u2013 1789 \u25bacompagnon ma\u00e7on et cultivateur &nbsp; n\u00e9 \u00e0 Masgrangeas (Roy\u00e8re) le 3 septembre 1732 fils de \u00c9tienne TOUBLANC, ma\u00e7on \/ Jeanne SAUTOUR laboureurs \u25d9 Jean, ma\u00e7on, \u00e9pouse Marie BOURDEAU le 14 f\u00e9vrier 1752 \u00e0 Roy\u00e8re. Ils habitent Haute-Faye, m\u00eame paroisse. Marie y d\u00e9c\u00e8de le 23 avril ..<\/p>\n<div class=\"clear-fix\"><\/div>\n<p><a href=\"https:\/\/www.lesmaconsdelacreuse.fr\/annuaires\/lettre-t\/t_304\/\" title=\"Lire la suite...\">Lire la suite<\/a><\/p>\n","protected":false},"author":2,"featured_media":0,"comment_status":"closed","ping_status":"closed","sticky":false,"template":"","format":"standard","meta":{"_acf_changed":false,"_exactmetrics_skip_tracking":false,"_exactmetrics_sitenote_active":false,"_exactmetrics_sitenote_note":"","_exactmetrics_sitenote_category":0,"footnotes":""},"categories":[13],"tags":[],"class_list":["post-12299","post","type-post","status-publish","format-standard","hentry","category-lettre-t"],"acf":[],"_links":{"self":[{"href":"https:\/\/www.lesmaconsdelacreuse.fr\/annuaires\/wp-json\/wp\/v2\/posts\/12299","targetHints":{"allow":["GET"]}}],"collection":[{"href":"https:\/\/www.lesmaconsdelacreuse.fr\/annuaires\/wp-json\/wp\/v2\/posts"}],"about":[{"href":"https:\/\/www.lesmaconsdelacreuse.fr\/annuaires\/wp-json\/wp\/v2\/types\/post"}],"author":[{"embeddable":true,"href":"https:\/\/www.lesmaconsdelacreuse.fr\/annuaires\/wp-json\/wp\/v2\/users\/2"}],"replies":[{"embeddable":true,"href":"https:\/\/www.lesmaconsdelacreuse.fr\/annuaires\/wp-json\/wp\/v2\/comments?post=12299"}],"version-history":[{"count":0,"href":"https:\/\/www.lesmaconsdelacreuse.fr\/annuaires\/wp-json\/wp\/v2\/posts\/12299\/revisions"}],"wp:attachment":[{"href":"https:\/\/www.lesmaconsdelacreuse.fr\/annuaires\/wp-json\/wp\/v2\/media?parent=12299"}],"wp:term":[{"taxonomy":"category","embeddable":true,"href":"https:\/\/www.lesmaconsdelacreuse.fr\/annuaires\/wp-json\/wp\/v2\/categories?post=12299"},{"taxonomy":"post_tag","embeddable":true,"href":"https:\/\/www.lesmaconsdelacreuse.fr\/annuaires\/wp-json\/wp\/v2\/tags?post=12299"}],"curies":[{"name":"wp","href":"https:\/\/api.w.org\/{rel}","templated":true}]}}