{"id":12306,"date":"2019-07-28T16:14:14","date_gmt":"2019-07-28T14:14:14","guid":{"rendered":"http:\/\/lesmaconsdelacreuse.fr\/annuaire\/?p=12306"},"modified":"2020-10-04T09:42:32","modified_gmt":"2020-10-04T07:42:32","slug":"t_247","status":"publish","type":"post","link":"https:\/\/www.lesmaconsdelacreuse.fr\/annuaires\/lettre-t\/t_247\/","title":{"rendered":"TIXIER Henri Jean Marcel (1909-1989)"},"content":{"rendered":"<p class=\"last-updated\"><strong>Mis \u00e0 jour le :<\/strong> 29\/04\/2026<\/p><h2 style=\"text-align: center;\"><strong>Henri Jean Marcel TIXIER<\/strong><\/h2>\n<p style=\"text-align: center;\"><strong>1909 \u2013 1989<\/strong><\/p>\n<h4 style=\"text-align: center;\"><span style=\"color: #008000;\"><strong>ma\u00e7on <\/strong>et<strong> <em>\u25ba<a href=\"https:\/\/www.lesmaconsdelacreuse.fr\/annuaires\/wp-content\/uploads\/2020\/07\/FUMISTE.png\" target=\"_blank\" rel=\"noopener noreferrer\"><span style=\"color: #008000;\">fumiste<\/span><\/a><\/em><br \/>\n<\/strong><\/span><\/h4>\n<p>&nbsp;<\/p>\n<p style=\"text-align: center;\">n\u00e9 \u00e0 Grandjanon (Saint-Pierre-le-Bost)<\/p>\n<p style=\"text-align: center;\">le 30 ao\u00fbt 1909<\/p>\n<p style=\"text-align: center;\">fils de<\/p>\n<p style=\"text-align: center;\">Jean TIXIER, <span style=\"color: #008000;\"><strong>ma\u00e7on<\/strong><\/span> et <span style=\"color: #008000;\"><strong>fumiste industriel<\/strong><\/span><\/p>\n<p style=\"text-align: center;\">Victoria Henriette Fran\u00e7oise CHABROUTY<\/p>\n<p style=\"text-align: center;\">cultivatrice<\/p>\n<p style=\"text-align: center;\"><span style=\"color: #ffffff;\">\u25d9<\/span><\/p>\n<p><em>Henri \u00e9pouse Lucienne H\u00e9lo\u00efse <\/em><strong>FABRE<\/strong><em> le 13 juin <\/em><strong>1941<\/strong><em> \u00e0 <\/em><span style=\"color: #0000ff;\"><strong>Mazamet (81)<\/strong><\/span><em>.<\/em><\/p>\n<p><em> Il d\u00e9c\u00e8de \u00e0 Hautpoul, commune de Mazamet, le 3 septembre <\/em><strong>1989<\/strong><em>, \u00e2g\u00e9 de 80 ans.<\/em><\/p>\n<p>&nbsp;<\/p>\n","protected":false},"excerpt":{"rendered":"<p>Mis \u00e0 jour le : 29\/04\/2026Henri Jean Marcel TIXIER 1909 \u2013 1989 ma\u00e7on et \u25bafumiste &nbsp; n\u00e9 \u00e0 Grandjanon (Saint-Pierre-le-Bost) le 30 ao\u00fbt 1909 fils de Jean TIXIER, ma\u00e7on et fumiste industriel Victoria Henriette Fran\u00e7oise CHABROUTY cultivatrice \u25d9 Henri \u00e9pouse Lucienne H\u00e9lo\u00efse FABRE le 13 juin 1941 \u00e0 Mazamet (81). Il d\u00e9c\u00e8de \u00e0 Hautpoul, commune ..<\/p>\n<div class=\"clear-fix\"><\/div>\n<p><a href=\"https:\/\/www.lesmaconsdelacreuse.fr\/annuaires\/lettre-t\/t_247\/\" title=\"Lire la suite...\">Lire la suite<\/a><\/p>\n","protected":false},"author":2,"featured_media":0,"comment_status":"closed","ping_status":"closed","sticky":false,"template":"","format":"standard","meta":{"_acf_changed":false,"_exactmetrics_skip_tracking":false,"_exactmetrics_sitenote_active":false,"_exactmetrics_sitenote_note":"","_exactmetrics_sitenote_category":0,"footnotes":""},"categories":[13],"tags":[],"class_list":["post-12306","post","type-post","status-publish","format-standard","hentry","category-lettre-t"],"acf":[],"_links":{"self":[{"href":"https:\/\/www.lesmaconsdelacreuse.fr\/annuaires\/wp-json\/wp\/v2\/posts\/12306","targetHints":{"allow":["GET"]}}],"collection":[{"href":"https:\/\/www.lesmaconsdelacreuse.fr\/annuaires\/wp-json\/wp\/v2\/posts"}],"about":[{"href":"https:\/\/www.lesmaconsdelacreuse.fr\/annuaires\/wp-json\/wp\/v2\/types\/post"}],"author":[{"embeddable":true,"href":"https:\/\/www.lesmaconsdelacreuse.fr\/annuaires\/wp-json\/wp\/v2\/users\/2"}],"replies":[{"embeddable":true,"href":"https:\/\/www.lesmaconsdelacreuse.fr\/annuaires\/wp-json\/wp\/v2\/comments?post=12306"}],"version-history":[{"count":0,"href":"https:\/\/www.lesmaconsdelacreuse.fr\/annuaires\/wp-json\/wp\/v2\/posts\/12306\/revisions"}],"wp:attachment":[{"href":"https:\/\/www.lesmaconsdelacreuse.fr\/annuaires\/wp-json\/wp\/v2\/media?parent=12306"}],"wp:term":[{"taxonomy":"category","embeddable":true,"href":"https:\/\/www.lesmaconsdelacreuse.fr\/annuaires\/wp-json\/wp\/v2\/categories?post=12306"},{"taxonomy":"post_tag","embeddable":true,"href":"https:\/\/www.lesmaconsdelacreuse.fr\/annuaires\/wp-json\/wp\/v2\/tags?post=12306"}],"curies":[{"name":"wp","href":"https:\/\/api.w.org\/{rel}","templated":true}]}}