{"id":12307,"date":"2019-07-28T16:14:14","date_gmt":"2019-07-28T14:14:14","guid":{"rendered":"http:\/\/lesmaconsdelacreuse.fr\/annuaire\/?p=12307"},"modified":"2020-01-20T11:23:52","modified_gmt":"2020-01-20T10:23:52","slug":"t_307","status":"publish","type":"post","link":"https:\/\/www.lesmaconsdelacreuse.fr\/annuaires\/lettre-t\/t_307\/","title":{"rendered":"TOUMIEUX Antoine (1791-1855)"},"content":{"rendered":"<p class=\"last-updated\"><strong>Mis \u00e0 jour le :<\/strong> 29\/04\/2026<\/p><h2 style=\"text-align: center;\"><strong>Antoine TOUMIEUX<\/strong><\/h2>\n<p style=\"text-align: center;\"><strong>1791 \u2013 1855<\/strong><\/p>\n<h4 style=\"text-align: center;\"><span style=\"color: #008000;\"><strong>ma\u00e7on<\/strong><\/span><\/h4>\n<p style=\"text-align: center;\">n\u00e9 \u00e0 Masgrangeas (Roy\u00e8re)<\/p>\n<p style=\"text-align: center;\">le 28 novembre 1791<\/p>\n<p style=\"text-align: center;\">fils de<\/p>\n<p style=\"text-align: center;\">L\u00e9onard TOUMIEUX, <span style=\"color: #008000;\"><strong>ma\u00e7on<\/strong><\/span><\/p>\n<p style=\"text-align: center;\">Marie BOUCARET, cultivatrice<\/p>\n<p style=\"text-align: center;\"><span style=\"color: #ffffff;\">\u25d9<\/span><\/p>\n<p><strong>En 1855<\/strong><em>, Antoine est \u00e0 <\/em><span style=\"color: #0000ff;\"><strong>Pusignan (69)<\/strong><\/span><em>.<\/em><\/p>\n<p><em>Le 7 d\u00e9cembre de la m\u00eame ann\u00e9e, il y d\u00e9c\u00e8de <\/em><strong>c\u00e9libataire<\/strong><em> \u00e2g\u00e9 de 64 ans, dans la maison de Jean-Baptiste CHABOUT. <\/em><\/p>\n<p><em>(soldat pendant les guerres de l\u2019Empire)<\/em><\/p>\n","protected":false},"excerpt":{"rendered":"<p>Mis \u00e0 jour le : 29\/04\/2026Antoine TOUMIEUX 1791 \u2013 1855 ma\u00e7on n\u00e9 \u00e0 Masgrangeas (Roy\u00e8re) le 28 novembre 1791 fils de L\u00e9onard TOUMIEUX, ma\u00e7on Marie BOUCARET, cultivatrice \u25d9 En 1855, Antoine est \u00e0 Pusignan (69). Le 7 d\u00e9cembre de la m\u00eame ann\u00e9e, il y d\u00e9c\u00e8de c\u00e9libataire \u00e2g\u00e9 de 64 ans, dans la maison de Jean-Baptiste ..<\/p>\n<div class=\"clear-fix\"><\/div>\n<p><a href=\"https:\/\/www.lesmaconsdelacreuse.fr\/annuaires\/lettre-t\/t_307\/\" title=\"Lire la suite...\">Lire la suite<\/a><\/p>\n","protected":false},"author":2,"featured_media":0,"comment_status":"closed","ping_status":"closed","sticky":false,"template":"","format":"standard","meta":{"_acf_changed":false,"_exactmetrics_skip_tracking":false,"_exactmetrics_sitenote_active":false,"_exactmetrics_sitenote_note":"","_exactmetrics_sitenote_category":0,"footnotes":""},"categories":[13],"tags":[],"class_list":["post-12307","post","type-post","status-publish","format-standard","hentry","category-lettre-t"],"acf":[],"_links":{"self":[{"href":"https:\/\/www.lesmaconsdelacreuse.fr\/annuaires\/wp-json\/wp\/v2\/posts\/12307","targetHints":{"allow":["GET"]}}],"collection":[{"href":"https:\/\/www.lesmaconsdelacreuse.fr\/annuaires\/wp-json\/wp\/v2\/posts"}],"about":[{"href":"https:\/\/www.lesmaconsdelacreuse.fr\/annuaires\/wp-json\/wp\/v2\/types\/post"}],"author":[{"embeddable":true,"href":"https:\/\/www.lesmaconsdelacreuse.fr\/annuaires\/wp-json\/wp\/v2\/users\/2"}],"replies":[{"embeddable":true,"href":"https:\/\/www.lesmaconsdelacreuse.fr\/annuaires\/wp-json\/wp\/v2\/comments?post=12307"}],"version-history":[{"count":0,"href":"https:\/\/www.lesmaconsdelacreuse.fr\/annuaires\/wp-json\/wp\/v2\/posts\/12307\/revisions"}],"wp:attachment":[{"href":"https:\/\/www.lesmaconsdelacreuse.fr\/annuaires\/wp-json\/wp\/v2\/media?parent=12307"}],"wp:term":[{"taxonomy":"category","embeddable":true,"href":"https:\/\/www.lesmaconsdelacreuse.fr\/annuaires\/wp-json\/wp\/v2\/categories?post=12307"},{"taxonomy":"post_tag","embeddable":true,"href":"https:\/\/www.lesmaconsdelacreuse.fr\/annuaires\/wp-json\/wp\/v2\/tags?post=12307"}],"curies":[{"name":"wp","href":"https:\/\/api.w.org\/{rel}","templated":true}]}}