{"id":12311,"date":"2019-07-28T16:14:14","date_gmt":"2019-07-28T14:14:14","guid":{"rendered":"http:\/\/lesmaconsdelacreuse.fr\/annuaire\/?p=12311"},"modified":"2020-10-14T09:28:40","modified_gmt":"2020-10-14T07:28:40","slug":"t_280","status":"publish","type":"post","link":"https:\/\/www.lesmaconsdelacreuse.fr\/annuaires\/lettre-t\/t_280\/","title":{"rendered":"TIXIER Martial (1810-1884)"},"content":{"rendered":"<p class=\"last-updated\"><strong>Mis \u00e0 jour le :<\/strong> 29\/04\/2026<\/p><h2 style=\"text-align: center;\"><strong>Martial TIXIER<\/strong><\/h2>\n<p style=\"text-align: center;\"><strong>Martial TIXIER l\u2019a\u00een\u00e9<\/strong><\/p>\n<p style=\"text-align: center;\"><strong>1810 \u2013 1884<\/strong><\/p>\n<p style=\"text-align: center;\"><img decoding=\"async\" title=\"\" src=\"https:\/\/lesmaconsdelacreuse.fr\/annuaire\/wp-content\/uploads\/2019\/07\/image1-2920.jpg\" alt=\"\" data-asset-id=\"12310\" data-source-id=\"i.0\" \/><\/p>\n<h4 style=\"text-align: center;\"><span style=\"color: #008000;\"><strong>ma\u00e7on <\/strong>et <strong>propri\u00e9taire cultivateur<\/strong><\/span><\/h4>\n<p>&nbsp;<\/p>\n<p style=\"text-align: center;\">n\u00e9 \u00e0 La Croisille (Saint-Pierre-le-Bost)<\/p>\n<p style=\"text-align: center;\">le 5 septembre 1810<\/p>\n<p style=\"text-align: center;\">fils de<\/p>\n<p style=\"text-align: center;\">Mathieu TIXIER, <strong>\u25ba\u00a0<\/strong><a href=\"https:\/\/www.lesmaconsdelacreuse.fr\/annuaires\/wp-content\/uploads\/2020\/07\/MA\u00ceTRE-MA\u00c7ON.png\" target=\"_blank\" rel=\"noopener noreferrer\"><strong><span style=\"color: #008000;\">ma\u00eetre ma\u00e7on<\/span><\/strong><\/a><\/p>\n<p style=\"text-align: center;\">Jeanne MARG\u00c9RIDON, cultivatrice<\/p>\n<p style=\"text-align: center;\"><span style=\"color: #ffffff;\">\u25d9<\/span><\/p>\n<p><em>Martial \u00e9pouse Catherine <\/em><strong>DELOUIS<\/strong><em> le 18 f\u00e9vrier <\/em><strong>1833<\/strong><em> \u00e0 Saint-Pierre (contrat Lepetit au Monteil-au-Vicomte). Le couple habite La Croisille. <\/em><\/p>\n<p><strong>En 1835<\/strong><em>, Martial travaille \u00e0 <\/em><strong><span style=\"color: #0000ff;\">Lyon (69)<\/span>\u00a0<\/strong><em>;<\/em><\/p>\n<p><strong>en 1847<\/strong><em> \u00e0 <\/em><strong><span style=\"color: #0000ff;\">Saint-Genis-les-Olli\u00e8res (69)<\/span>.<\/strong><\/p>\n<p><em>Les \u00e9poux d\u00e9c\u00e8dent\u00a0:<\/em><\/p>\n<ul>\n<li><em>Martial, \u00e0 la Croisille, le 24 juin <\/em><strong>1884<\/strong><em>, \u00e2g\u00e9 de 73 ans<\/em><\/li>\n<li><em>Catherine, \u00e0 Grandjanon, m\u00eame commune, le 25 d\u00e9cembre <\/em><strong>1899<\/strong><em>, \u00e2g\u00e9e de 83 ans<\/em><\/li>\n<\/ul>\n<p>&nbsp;<\/p>\n","protected":false},"excerpt":{"rendered":"<p>Mis \u00e0 jour le : 29\/04\/2026Martial TIXIER Martial TIXIER l\u2019a\u00een\u00e9 1810 \u2013 1884 ma\u00e7on et propri\u00e9taire cultivateur &nbsp; n\u00e9 \u00e0 La Croisille (Saint-Pierre-le-Bost) le 5 septembre 1810 fils de Mathieu TIXIER, \u25ba\u00a0ma\u00eetre ma\u00e7on Jeanne MARG\u00c9RIDON, cultivatrice \u25d9 Martial \u00e9pouse Catherine DELOUIS le 18 f\u00e9vrier 1833 \u00e0 Saint-Pierre (contrat Lepetit au Monteil-au-Vicomte). Le couple habite La ..<\/p>\n<div class=\"clear-fix\"><\/div>\n<p><a href=\"https:\/\/www.lesmaconsdelacreuse.fr\/annuaires\/lettre-t\/t_280\/\" title=\"Lire la suite...\">Lire la suite<\/a><\/p>\n","protected":false},"author":2,"featured_media":0,"comment_status":"closed","ping_status":"closed","sticky":false,"template":"","format":"standard","meta":{"_acf_changed":false,"_exactmetrics_skip_tracking":false,"_exactmetrics_sitenote_active":false,"_exactmetrics_sitenote_note":"","_exactmetrics_sitenote_category":0,"footnotes":""},"categories":[13],"tags":[],"class_list":["post-12311","post","type-post","status-publish","format-standard","hentry","category-lettre-t"],"acf":[],"_links":{"self":[{"href":"https:\/\/www.lesmaconsdelacreuse.fr\/annuaires\/wp-json\/wp\/v2\/posts\/12311","targetHints":{"allow":["GET"]}}],"collection":[{"href":"https:\/\/www.lesmaconsdelacreuse.fr\/annuaires\/wp-json\/wp\/v2\/posts"}],"about":[{"href":"https:\/\/www.lesmaconsdelacreuse.fr\/annuaires\/wp-json\/wp\/v2\/types\/post"}],"author":[{"embeddable":true,"href":"https:\/\/www.lesmaconsdelacreuse.fr\/annuaires\/wp-json\/wp\/v2\/users\/2"}],"replies":[{"embeddable":true,"href":"https:\/\/www.lesmaconsdelacreuse.fr\/annuaires\/wp-json\/wp\/v2\/comments?post=12311"}],"version-history":[{"count":0,"href":"https:\/\/www.lesmaconsdelacreuse.fr\/annuaires\/wp-json\/wp\/v2\/posts\/12311\/revisions"}],"wp:attachment":[{"href":"https:\/\/www.lesmaconsdelacreuse.fr\/annuaires\/wp-json\/wp\/v2\/media?parent=12311"}],"wp:term":[{"taxonomy":"category","embeddable":true,"href":"https:\/\/www.lesmaconsdelacreuse.fr\/annuaires\/wp-json\/wp\/v2\/categories?post=12311"},{"taxonomy":"post_tag","embeddable":true,"href":"https:\/\/www.lesmaconsdelacreuse.fr\/annuaires\/wp-json\/wp\/v2\/tags?post=12311"}],"curies":[{"name":"wp","href":"https:\/\/api.w.org\/{rel}","templated":true}]}}