{"id":12316,"date":"2019-07-28T16:14:14","date_gmt":"2019-07-28T14:14:14","guid":{"rendered":"http:\/\/lesmaconsdelacreuse.fr\/annuaire\/?p=12316"},"modified":"2020-02-11T12:14:12","modified_gmt":"2020-02-11T11:14:12","slug":"t_251","status":"publish","type":"post","link":"https:\/\/www.lesmaconsdelacreuse.fr\/annuaires\/lettre-t\/t_251\/","title":{"rendered":"TIXIER Jean (vers 1770-1793)"},"content":{"rendered":"<p class=\"last-updated\"><strong>Mis \u00e0 jour le :<\/strong> 29\/04\/2026<\/p><h2 style=\"text-align: center;\"><strong>Jean TIXIER<\/strong><\/h2>\n<p style=\"text-align: center;\"><strong>vers 1770 \u2013 1793<\/strong><\/p>\n<h4 style=\"text-align: center;\"><span style=\"color: #008000;\"><strong>ma\u00e7on<\/strong><\/span><\/h4>\n<p style=\"text-align: center;\">n\u00e9 \u00e0 Roy\u00e8re\u00a0?<\/p>\n<p style=\"text-align: center;\">vers 1770<\/p>\n<p style=\"text-align: center;\"><span style=\"color: #ffffff;\">\u25d9<\/span><\/p>\n<p><strong>En 1793<\/strong><em>, Jean travaille \u00e0 <\/em><span style=\"color: #0000ff;\"><strong>Lyon (69)<\/strong><\/span><em> et loge chez le citoyen Chanas, rue Pierre Size. <\/em><\/p>\n<p><em>Il d\u00e9c\u00e8de le 24 frimaire an II (3 d\u00e9cembre <\/em>1793<em>) \u00e0 \u25ba<a target=\"_blank\"href=\"https:\/\/www.lesmaconsdelacreuse.fr\/annuaires\/\/wp-content\/uploads\/PHOTOS_-_CARTES_POSTALES\/LYON_-_Hopital_de_lHotel-Dieu.jpg\">l\u2019H\u00f4tel-Dieu<\/a>, \u00e2g\u00e9 de 24 ans.<\/em><\/p>\n<p><em>Il semble s\u2019agir de Jean, n\u00e9 le 16 novembre 1774 au bourg de Roy\u00e8re, fils d\u2019Arnaud, ma\u00e7on, et de Th\u00e9r\u00e8se CHAPELLENIE.<\/em><\/p>\n","protected":false},"excerpt":{"rendered":"<p>Mis \u00e0 jour le : 29\/04\/2026Jean TIXIER vers 1770 \u2013 1793 ma\u00e7on n\u00e9 \u00e0 Roy\u00e8re\u00a0? vers 1770 \u25d9 En 1793, Jean travaille \u00e0 Lyon (69) et loge chez le citoyen Chanas, rue Pierre Size. Il d\u00e9c\u00e8de le 24 frimaire an II (3 d\u00e9cembre 1793) \u00e0 \u25bal\u2019H\u00f4tel-Dieu, \u00e2g\u00e9 de 24 ans. Il semble s\u2019agir de Jean, ..<\/p>\n<div class=\"clear-fix\"><\/div>\n<p><a href=\"https:\/\/www.lesmaconsdelacreuse.fr\/annuaires\/lettre-t\/t_251\/\" title=\"Lire la suite...\">Lire la suite<\/a><\/p>\n","protected":false},"author":2,"featured_media":0,"comment_status":"closed","ping_status":"closed","sticky":false,"template":"","format":"standard","meta":{"_acf_changed":false,"_exactmetrics_skip_tracking":false,"_exactmetrics_sitenote_active":false,"_exactmetrics_sitenote_note":"","_exactmetrics_sitenote_category":0,"footnotes":""},"categories":[13],"tags":[],"class_list":["post-12316","post","type-post","status-publish","format-standard","hentry","category-lettre-t"],"acf":[],"_links":{"self":[{"href":"https:\/\/www.lesmaconsdelacreuse.fr\/annuaires\/wp-json\/wp\/v2\/posts\/12316","targetHints":{"allow":["GET"]}}],"collection":[{"href":"https:\/\/www.lesmaconsdelacreuse.fr\/annuaires\/wp-json\/wp\/v2\/posts"}],"about":[{"href":"https:\/\/www.lesmaconsdelacreuse.fr\/annuaires\/wp-json\/wp\/v2\/types\/post"}],"author":[{"embeddable":true,"href":"https:\/\/www.lesmaconsdelacreuse.fr\/annuaires\/wp-json\/wp\/v2\/users\/2"}],"replies":[{"embeddable":true,"href":"https:\/\/www.lesmaconsdelacreuse.fr\/annuaires\/wp-json\/wp\/v2\/comments?post=12316"}],"version-history":[{"count":0,"href":"https:\/\/www.lesmaconsdelacreuse.fr\/annuaires\/wp-json\/wp\/v2\/posts\/12316\/revisions"}],"wp:attachment":[{"href":"https:\/\/www.lesmaconsdelacreuse.fr\/annuaires\/wp-json\/wp\/v2\/media?parent=12316"}],"wp:term":[{"taxonomy":"category","embeddable":true,"href":"https:\/\/www.lesmaconsdelacreuse.fr\/annuaires\/wp-json\/wp\/v2\/categories?post=12316"},{"taxonomy":"post_tag","embeddable":true,"href":"https:\/\/www.lesmaconsdelacreuse.fr\/annuaires\/wp-json\/wp\/v2\/tags?post=12316"}],"curies":[{"name":"wp","href":"https:\/\/api.w.org\/{rel}","templated":true}]}}