{"id":12321,"date":"2019-07-28T16:14:13","date_gmt":"2019-07-28T14:14:13","guid":{"rendered":"http:\/\/lesmaconsdelacreuse.fr\/annuaire\/?p=12321"},"modified":"2020-01-20T11:23:53","modified_gmt":"2020-01-20T10:23:53","slug":"t_250","status":"publish","type":"post","link":"https:\/\/www.lesmaconsdelacreuse.fr\/annuaires\/lettre-t\/t_250\/","title":{"rendered":"TIXIER Jean (1756-avant 1799)"},"content":{"rendered":"<p class=\"last-updated\"><strong>Mis \u00e0 jour le :<\/strong> 29\/04\/2026<\/p><h2 style=\"text-align: center;\"><strong>Jean TIXIER<\/strong><\/h2>\n<p style=\"text-align: center;\"><strong>1756 \u2013 avant 1799<\/strong><\/p>\n<p style=\"text-align: center;\"><img decoding=\"async\" title=\"\" src=\"https:\/\/lesmaconsdelacreuse.fr\/annuaire\/wp-content\/uploads\/2019\/07\/image1-2924.jpg\" alt=\"\" data-asset-id=\"12320\" data-source-id=\"i.0\" \/><\/p>\n<h4 style=\"text-align: center;\"><span style=\"color: #008000;\"><strong>ma\u00e7on<\/strong><\/span><\/h4>\n<p style=\"text-align: center;\">n\u00e9 \u00e0 Haute-Faye (Roy\u00e8re)<\/p>\n<p style=\"text-align: center;\">le 20 septembre 1756<\/p>\n<p style=\"text-align: center;\">fils de<\/p>\n<p style=\"text-align: center;\">\u00c9tienne TIXIER, <span style=\"color: #008000;\"><strong>ma\u00eetre-ma\u00e7on <\/strong><\/span><span style=\"color: #008000;\"><strong><span style=\"color: #000000;\">\/<\/span>\u00a0 <\/strong><\/span>Catherine BOURDEAU<\/p>\n<p style=\"text-align: center;\"><span style=\"color: #ffffff;\">\u25d9<\/span><\/p>\n<p><em>Jean \u00e9pouse Anne <\/em><strong>GRANDRIEUX <\/strong><em>le 30 janvier <\/em><strong>1786<\/strong><em> \u00e0 Roy\u00e8re. <\/em><\/p>\n<p><em>Ils habitent Le Cloup, m\u00eame paroisse.<\/em><\/p>\n<p><em>Anne y d\u00e9c\u00e8de veuve le 24 messidor an VII (12 juillet <\/em><strong>1799<\/strong><em>), \u00e2g\u00e9e de 30 ans environ. <\/em><\/p>\n","protected":false},"excerpt":{"rendered":"<p>Mis \u00e0 jour le : 29\/04\/2026Jean TIXIER 1756 \u2013 avant 1799 ma\u00e7on n\u00e9 \u00e0 Haute-Faye (Roy\u00e8re) le 20 septembre 1756 fils de \u00c9tienne TIXIER, ma\u00eetre-ma\u00e7on \/\u00a0 Catherine BOURDEAU \u25d9 Jean \u00e9pouse Anne GRANDRIEUX le 30 janvier 1786 \u00e0 Roy\u00e8re. Ils habitent Le Cloup, m\u00eame paroisse. Anne y d\u00e9c\u00e8de veuve le 24 messidor an VII (12 ..<\/p>\n<div class=\"clear-fix\"><\/div>\n<p><a href=\"https:\/\/www.lesmaconsdelacreuse.fr\/annuaires\/lettre-t\/t_250\/\" title=\"Lire la suite...\">Lire la suite<\/a><\/p>\n","protected":false},"author":2,"featured_media":0,"comment_status":"closed","ping_status":"closed","sticky":false,"template":"","format":"standard","meta":{"_acf_changed":false,"_exactmetrics_skip_tracking":false,"_exactmetrics_sitenote_active":false,"_exactmetrics_sitenote_note":"","_exactmetrics_sitenote_category":0,"footnotes":""},"categories":[13],"tags":[],"class_list":["post-12321","post","type-post","status-publish","format-standard","hentry","category-lettre-t"],"acf":[],"_links":{"self":[{"href":"https:\/\/www.lesmaconsdelacreuse.fr\/annuaires\/wp-json\/wp\/v2\/posts\/12321","targetHints":{"allow":["GET"]}}],"collection":[{"href":"https:\/\/www.lesmaconsdelacreuse.fr\/annuaires\/wp-json\/wp\/v2\/posts"}],"about":[{"href":"https:\/\/www.lesmaconsdelacreuse.fr\/annuaires\/wp-json\/wp\/v2\/types\/post"}],"author":[{"embeddable":true,"href":"https:\/\/www.lesmaconsdelacreuse.fr\/annuaires\/wp-json\/wp\/v2\/users\/2"}],"replies":[{"embeddable":true,"href":"https:\/\/www.lesmaconsdelacreuse.fr\/annuaires\/wp-json\/wp\/v2\/comments?post=12321"}],"version-history":[{"count":0,"href":"https:\/\/www.lesmaconsdelacreuse.fr\/annuaires\/wp-json\/wp\/v2\/posts\/12321\/revisions"}],"wp:attachment":[{"href":"https:\/\/www.lesmaconsdelacreuse.fr\/annuaires\/wp-json\/wp\/v2\/media?parent=12321"}],"wp:term":[{"taxonomy":"category","embeddable":true,"href":"https:\/\/www.lesmaconsdelacreuse.fr\/annuaires\/wp-json\/wp\/v2\/categories?post=12321"},{"taxonomy":"post_tag","embeddable":true,"href":"https:\/\/www.lesmaconsdelacreuse.fr\/annuaires\/wp-json\/wp\/v2\/tags?post=12321"}],"curies":[{"name":"wp","href":"https:\/\/api.w.org\/{rel}","templated":true}]}}