{"id":12334,"date":"2019-07-28T16:14:13","date_gmt":"2019-07-28T14:14:13","guid":{"rendered":"http:\/\/lesmaconsdelacreuse.fr\/annuaire\/?p=12334"},"modified":"2020-01-20T11:23:52","modified_gmt":"2020-01-20T10:23:52","slug":"t_243","status":"publish","type":"post","link":"https:\/\/www.lesmaconsdelacreuse.fr\/annuaires\/lettre-t\/t_243\/","title":{"rendered":"TIXIER Fran\u00e7ois Joseph (1866-apr\u00e8s 1913)"},"content":{"rendered":"<p class=\"last-updated\"><strong>Mis \u00e0 jour le :<\/strong> 29\/04\/2026<\/p><h2 style=\"text-align: center;\"><strong>Fran\u00e7ois Joseph TIXIER<\/strong><\/h2>\n<p style=\"text-align: center;\"><strong>Fran\u00e7ois TIXIER<\/strong><\/p>\n<p style=\"text-align: center;\"><strong>1866 \u2013 apr\u00e8s 1913<\/strong><\/p>\n<p style=\"text-align: center;\"><img loading=\"lazy\" decoding=\"async\" class=\"\" title=\"\" src=\"https:\/\/lesmaconsdelacreuse.fr\/annuaire\/wp-content\/uploads\/2019\/07\/image1-2929.jpg\" alt=\"\" width=\"333\" height=\"58\" data-asset-id=\"12333\" data-source-id=\"i.0\" \/><\/p>\n<h4 style=\"text-align: center;\"><span style=\"color: #008000;\"><strong>ma\u00e7on<\/strong><\/span><\/h4>\n<p style=\"text-align: center;\">n\u00e9 au Puy (Vidaillat)<\/p>\n<p style=\"text-align: center;\">le 29 mars 1866<\/p>\n<p style=\"text-align: center;\">fils de<\/p>\n<p style=\"text-align: center;\">Fran\u00e7ois Jean TIXIER,<span style=\"color: #008000;\"><strong> ma\u00e7on<\/strong><\/span><\/p>\n<p style=\"text-align: center;\">Rose GOUMY, cultivatrice<\/p>\n<p style=\"text-align: center;\"><span style=\"color: #ffffff;\">\u25d9<\/span><\/p>\n<p><strong>En 1887<\/strong><em>, Fran\u00e7ois habite le Monteil-au-Vicomte avec ses parents. Il est dispens\u00e9 de service militaire, ayant un fr\u00e8re sous les drapeaux.<\/em><\/p>\n<p><em>Il travaille \u00e0 <\/em><strong><span style=\"color: #0000ff;\">Paris (75)<\/span>\u00a0<\/strong><em>et loge\u00a0:<\/em><\/p>\n<p><strong>en 1888<\/strong><em>, 23, rue des Deux Ponts, puis 30, rue des Carmes\u00a0;<\/em><\/p>\n<p><strong>en 1892<\/strong><em>, 8, rue d\u2019Arras\u00a0;<\/em><\/p>\n<p><strong>en 1893<\/strong><em>, 32, rue Fontaine.<\/em><\/p>\n<p><strong>En 1910<\/strong><em>, il est \u00e0 <\/em><span style=\"color: #ff6600;\"><strong>Budapest (HONGRIE)<\/strong><\/span><em><span style=\"color: #ff6600;\">\u00a0<\/span>;<\/em><\/p>\n<p><strong>en 1913<\/strong><em>, de nouveau \u00e0 Paris, 13, rue Linn\u00e9. <\/em><\/p>\n","protected":false},"excerpt":{"rendered":"<p>Mis \u00e0 jour le : 29\/04\/2026Fran\u00e7ois Joseph TIXIER Fran\u00e7ois TIXIER 1866 \u2013 apr\u00e8s 1913 ma\u00e7on n\u00e9 au Puy (Vidaillat) le 29 mars 1866 fils de Fran\u00e7ois Jean TIXIER, ma\u00e7on Rose GOUMY, cultivatrice \u25d9 En 1887, Fran\u00e7ois habite le Monteil-au-Vicomte avec ses parents. Il est dispens\u00e9 de service militaire, ayant un fr\u00e8re sous les drapeaux. Il ..<\/p>\n<div class=\"clear-fix\"><\/div>\n<p><a href=\"https:\/\/www.lesmaconsdelacreuse.fr\/annuaires\/lettre-t\/t_243\/\" title=\"Lire la suite...\">Lire la suite<\/a><\/p>\n","protected":false},"author":2,"featured_media":0,"comment_status":"closed","ping_status":"closed","sticky":false,"template":"","format":"standard","meta":{"_acf_changed":false,"_exactmetrics_skip_tracking":false,"_exactmetrics_sitenote_active":false,"_exactmetrics_sitenote_note":"","_exactmetrics_sitenote_category":0,"footnotes":""},"categories":[13],"tags":[],"class_list":["post-12334","post","type-post","status-publish","format-standard","hentry","category-lettre-t"],"acf":[],"_links":{"self":[{"href":"https:\/\/www.lesmaconsdelacreuse.fr\/annuaires\/wp-json\/wp\/v2\/posts\/12334","targetHints":{"allow":["GET"]}}],"collection":[{"href":"https:\/\/www.lesmaconsdelacreuse.fr\/annuaires\/wp-json\/wp\/v2\/posts"}],"about":[{"href":"https:\/\/www.lesmaconsdelacreuse.fr\/annuaires\/wp-json\/wp\/v2\/types\/post"}],"author":[{"embeddable":true,"href":"https:\/\/www.lesmaconsdelacreuse.fr\/annuaires\/wp-json\/wp\/v2\/users\/2"}],"replies":[{"embeddable":true,"href":"https:\/\/www.lesmaconsdelacreuse.fr\/annuaires\/wp-json\/wp\/v2\/comments?post=12334"}],"version-history":[{"count":0,"href":"https:\/\/www.lesmaconsdelacreuse.fr\/annuaires\/wp-json\/wp\/v2\/posts\/12334\/revisions"}],"wp:attachment":[{"href":"https:\/\/www.lesmaconsdelacreuse.fr\/annuaires\/wp-json\/wp\/v2\/media?parent=12334"}],"wp:term":[{"taxonomy":"category","embeddable":true,"href":"https:\/\/www.lesmaconsdelacreuse.fr\/annuaires\/wp-json\/wp\/v2\/categories?post=12334"},{"taxonomy":"post_tag","embeddable":true,"href":"https:\/\/www.lesmaconsdelacreuse.fr\/annuaires\/wp-json\/wp\/v2\/tags?post=12334"}],"curies":[{"name":"wp","href":"https:\/\/api.w.org\/{rel}","templated":true}]}}