{"id":12344,"date":"2019-07-28T16:14:12","date_gmt":"2019-07-28T14:14:12","guid":{"rendered":"http:\/\/lesmaconsdelacreuse.fr\/annuaire\/?p=12344"},"modified":"2020-01-20T11:23:53","modified_gmt":"2020-01-20T10:23:53","slug":"t_216","status":"publish","type":"post","link":"https:\/\/www.lesmaconsdelacreuse.fr\/annuaires\/lettre-t\/t_216\/","title":{"rendered":"TINDILIER Fran\u00e7ois (1871-apr\u00e8s 1918)"},"content":{"rendered":"<p class=\"last-updated\"><strong>Mis \u00e0 jour le :<\/strong> 29\/04\/2026<\/p><h2 style=\"text-align: center;\"><strong>Fran\u00e7ois TINDILIER<\/strong><\/h2>\n<p style=\"text-align: center;\"><strong>1871 \u2013 apr\u00e8s 1918<\/strong><\/p>\n<p style=\"text-align: center;\"><img decoding=\"async\" title=\"\" src=\"https:\/\/lesmaconsdelacreuse.fr\/annuaire\/wp-content\/uploads\/2019\/07\/image1-2932.jpg\" alt=\"\" data-asset-id=\"12343\" data-source-id=\"i.0\" \/><\/p>\n<h4 style=\"text-align: center;\"><span style=\"color: #008000;\"><strong>entrepreneur<\/strong><\/span><\/h4>\n<p style=\"text-align: center;\">n\u00e9 \u00e0 La Breg\u00e8re (Saint-Junien-la-Breg\u00e8re)<\/p>\n<p style=\"text-align: center;\">le 19 f\u00e9vrier 1871<\/p>\n<p style=\"text-align: center;\">fils de<\/p>\n<p style=\"text-align: center;\">L\u00e9onard TINDILIER \/ Antoinette CHABROLLE<\/p>\n<p style=\"text-align: center;\">cultivateurs<\/p>\n<p style=\"text-align: center;\"><span style=\"color: #ffffff;\">\u25d9<\/span><\/p>\n<p><strong>En 1892<\/strong><em>, ajourn\u00e9 de service militaire pour faiblesse, Fran\u00e7ois, <\/em><span style=\"color: #008000;\"><strong>ma\u00e7on<\/strong><\/span><em>, est reconnu apte en <\/em>1894.<\/p>\n<p><strong>En 1895<\/strong><em>, il travaille \u00e0 <\/em><span style=\"color: #0000ff;\"><strong>Paris (75)<\/strong><\/span><em>, et loge 8, passage du Lavoir, puis 40, avenue de Saint-Ouen. <\/em><\/p>\n<p><strong>En 1898<\/strong><em>, il est \u00e0 <\/em><span style=\"color: #0000ff;\"><strong>Asni\u00e8res (92)<\/strong><\/span><em>, 86, rue des Bourguignons,<\/em><\/p>\n<p><em>puis \u00e0 <\/em><span style=\"color: #0000ff;\"><strong>Bois-Colombes (92)<\/strong><\/span><em>, 64, rue de la Procession\u00a0; ensuite 25, rue de la R\u00e9volution.<\/em><\/p>\n<p><em>Le 23 ao\u00fbt de la m\u00eame ann\u00e9e, il y \u00e9pouse Marie Sylvaine Gabrielle <\/em><strong>MOUSSON<\/strong><em>, cuisini\u00e8re native de Gouzon, (mari\u00e9s sans contrat)\u00a0.<\/em><\/p>\n<p><strong>En 1902<\/strong><em>, <\/em><span style=\"color: #008000;\"><strong>entrepreneur<\/strong><\/span><em>, il est veuf, et habite 64, rue Pierre Joigneaux. <\/em><\/p>\n<p><em>Le 19 f\u00e9vrier de la m\u00eame ann\u00e9e, il se remarie \u00e0 Paris 18e avec Catherine <\/em><strong>DENIS<\/strong><em>, couturi\u00e8re native de Sa\u00f4ne-et-Loire (mari\u00e9s sans contrat).<\/em><\/p>\n<p><strong>En 1904<\/strong><em>, il est \u00e0 <\/em><span style=\"color: #0000ff;\"><strong>Pithiviers (45)<\/strong><\/span><em>, 2, rue Basse, puis \u00e0 Paris, 30, rue Lepic dans le 18e\u00a0arrondissement\u00a0;<\/em><\/p>\n<p><strong>en 1906<\/strong><em>, aussi \u00e0 Paris, 7, rue Maistre<\/em><\/p>\n<p><strong>en 1909 et 1913<\/strong><em>, \u00e0 <\/em><span style=\"color: #0000ff;\"><strong>Aulnay-sous-Bois (93)<\/strong><\/span><em>. <\/em><\/p>\n","protected":false},"excerpt":{"rendered":"<p>Mis \u00e0 jour le : 29\/04\/2026Fran\u00e7ois TINDILIER 1871 \u2013 apr\u00e8s 1918 entrepreneur n\u00e9 \u00e0 La Breg\u00e8re (Saint-Junien-la-Breg\u00e8re) le 19 f\u00e9vrier 1871 fils de L\u00e9onard TINDILIER \/ Antoinette CHABROLLE cultivateurs \u25d9 En 1892, ajourn\u00e9 de service militaire pour faiblesse, Fran\u00e7ois, ma\u00e7on, est reconnu apte en 1894. En 1895, il travaille \u00e0 Paris (75), et loge 8, ..<\/p>\n<div class=\"clear-fix\"><\/div>\n<p><a href=\"https:\/\/www.lesmaconsdelacreuse.fr\/annuaires\/lettre-t\/t_216\/\" title=\"Lire la suite...\">Lire la suite<\/a><\/p>\n","protected":false},"author":2,"featured_media":0,"comment_status":"closed","ping_status":"closed","sticky":false,"template":"","format":"standard","meta":{"_acf_changed":false,"_exactmetrics_skip_tracking":false,"_exactmetrics_sitenote_active":false,"_exactmetrics_sitenote_note":"","_exactmetrics_sitenote_category":0,"footnotes":""},"categories":[13],"tags":[],"class_list":["post-12344","post","type-post","status-publish","format-standard","hentry","category-lettre-t"],"acf":[],"_links":{"self":[{"href":"https:\/\/www.lesmaconsdelacreuse.fr\/annuaires\/wp-json\/wp\/v2\/posts\/12344","targetHints":{"allow":["GET"]}}],"collection":[{"href":"https:\/\/www.lesmaconsdelacreuse.fr\/annuaires\/wp-json\/wp\/v2\/posts"}],"about":[{"href":"https:\/\/www.lesmaconsdelacreuse.fr\/annuaires\/wp-json\/wp\/v2\/types\/post"}],"author":[{"embeddable":true,"href":"https:\/\/www.lesmaconsdelacreuse.fr\/annuaires\/wp-json\/wp\/v2\/users\/2"}],"replies":[{"embeddable":true,"href":"https:\/\/www.lesmaconsdelacreuse.fr\/annuaires\/wp-json\/wp\/v2\/comments?post=12344"}],"version-history":[{"count":0,"href":"https:\/\/www.lesmaconsdelacreuse.fr\/annuaires\/wp-json\/wp\/v2\/posts\/12344\/revisions"}],"wp:attachment":[{"href":"https:\/\/www.lesmaconsdelacreuse.fr\/annuaires\/wp-json\/wp\/v2\/media?parent=12344"}],"wp:term":[{"taxonomy":"category","embeddable":true,"href":"https:\/\/www.lesmaconsdelacreuse.fr\/annuaires\/wp-json\/wp\/v2\/categories?post=12344"},{"taxonomy":"post_tag","embeddable":true,"href":"https:\/\/www.lesmaconsdelacreuse.fr\/annuaires\/wp-json\/wp\/v2\/tags?post=12344"}],"curies":[{"name":"wp","href":"https:\/\/api.w.org\/{rel}","templated":true}]}}