{"id":12348,"date":"2019-07-28T16:14:12","date_gmt":"2019-07-28T14:14:12","guid":{"rendered":"http:\/\/lesmaconsdelacreuse.fr\/annuaire\/?p=12348"},"modified":"2020-01-20T11:23:53","modified_gmt":"2020-01-20T10:23:53","slug":"t_191","status":"publish","type":"post","link":"https:\/\/www.lesmaconsdelacreuse.fr\/annuaires\/lettre-t\/t_191\/","title":{"rendered":"THIBAUD L\u00e9onard (1744-1814)"},"content":{"rendered":"<p class=\"last-updated\"><strong>Mis \u00e0 jour le :<\/strong> 29\/04\/2026<\/p><h2 style=\"text-align: center;\"><strong>L\u00e9onard THIBAUD<\/strong><\/h2>\n<p style=\"text-align: center;\"><strong>1744 \u2013 1814<\/strong><\/p>\n<p style=\"text-align: center;\"><img decoding=\"async\" title=\"\" src=\"https:\/\/lesmaconsdelacreuse.fr\/annuaire\/wp-content\/uploads\/2019\/07\/image1-2934.jpg\" alt=\"\" data-asset-id=\"12346\" data-source-id=\"i.0\" \/><\/p>\n<h4 style=\"text-align: center;\"><span style=\"color: #008000;\"><strong>ma\u00e7on <\/strong>et<strong> laboureur<\/strong><\/span><\/h4>\n<p style=\"text-align: center;\">n\u00e9 \u00e0 Fusinas\u00a0(Saint-Martin-Ch\u00e2teau)<\/p>\n<p style=\"text-align: center;\">le 17 juillet 1744<\/p>\n<p style=\"text-align: center;\">fils de<\/p>\n<p style=\"text-align: center;\">L\u00e9onard THIBAUD \/ Marguerite MARTIN<\/p>\n<p style=\"text-align: center;\">laboureurs<\/p>\n<p style=\"text-align: center;\"><span style=\"color: #ffffff;\">\u25d9<\/span><\/p>\n<p><em>L\u00e9onard \u00e9pouse Anne <\/em><strong>SURDIOUX<\/strong><em> le 8 f\u00e9vrier <\/em><strong>1768<\/strong><em> \u00e0 Saint-Junien. Ils habitent Vige, paroisse de Saint-Junien. <\/em><\/p>\n<p><em>Veuf, L\u00e9onard se remarie avec Madeleine <\/em><strong>CONCHONNET<\/strong><em>, veuve de Jean LEBESSOU, ma\u00e7on, le 20 f\u00e9vrier <\/em><strong>1786<\/strong><em> \u00e0 Saint-Junien.<\/em><\/p>\n<p><em> Ils habitent Montayaud, m\u00eame paroisse.<\/em><\/p>\n<p><em>L\u00e9onard y d\u00e9c\u00e8de le 29 septembre <\/em><strong>1814<\/strong><em>, \u00e2g\u00e9 de 70 ans. <\/em><\/p>\n","protected":false},"excerpt":{"rendered":"<p>Mis \u00e0 jour le : 29\/04\/2026L\u00e9onard THIBAUD 1744 \u2013 1814 ma\u00e7on et laboureur n\u00e9 \u00e0 Fusinas\u00a0(Saint-Martin-Ch\u00e2teau) le 17 juillet 1744 fils de L\u00e9onard THIBAUD \/ Marguerite MARTIN laboureurs \u25d9 L\u00e9onard \u00e9pouse Anne SURDIOUX le 8 f\u00e9vrier 1768 \u00e0 Saint-Junien. Ils habitent Vige, paroisse de Saint-Junien. Veuf, L\u00e9onard se remarie avec Madeleine CONCHONNET, veuve de Jean ..<\/p>\n<div class=\"clear-fix\"><\/div>\n<p><a href=\"https:\/\/www.lesmaconsdelacreuse.fr\/annuaires\/lettre-t\/t_191\/\" title=\"Lire la suite...\">Lire la suite<\/a><\/p>\n","protected":false},"author":2,"featured_media":0,"comment_status":"closed","ping_status":"closed","sticky":false,"template":"","format":"standard","meta":{"_acf_changed":false,"_exactmetrics_skip_tracking":false,"_exactmetrics_sitenote_active":false,"_exactmetrics_sitenote_note":"","_exactmetrics_sitenote_category":0,"footnotes":""},"categories":[13],"tags":[],"class_list":["post-12348","post","type-post","status-publish","format-standard","hentry","category-lettre-t"],"acf":[],"_links":{"self":[{"href":"https:\/\/www.lesmaconsdelacreuse.fr\/annuaires\/wp-json\/wp\/v2\/posts\/12348","targetHints":{"allow":["GET"]}}],"collection":[{"href":"https:\/\/www.lesmaconsdelacreuse.fr\/annuaires\/wp-json\/wp\/v2\/posts"}],"about":[{"href":"https:\/\/www.lesmaconsdelacreuse.fr\/annuaires\/wp-json\/wp\/v2\/types\/post"}],"author":[{"embeddable":true,"href":"https:\/\/www.lesmaconsdelacreuse.fr\/annuaires\/wp-json\/wp\/v2\/users\/2"}],"replies":[{"embeddable":true,"href":"https:\/\/www.lesmaconsdelacreuse.fr\/annuaires\/wp-json\/wp\/v2\/comments?post=12348"}],"version-history":[{"count":0,"href":"https:\/\/www.lesmaconsdelacreuse.fr\/annuaires\/wp-json\/wp\/v2\/posts\/12348\/revisions"}],"wp:attachment":[{"href":"https:\/\/www.lesmaconsdelacreuse.fr\/annuaires\/wp-json\/wp\/v2\/media?parent=12348"}],"wp:term":[{"taxonomy":"category","embeddable":true,"href":"https:\/\/www.lesmaconsdelacreuse.fr\/annuaires\/wp-json\/wp\/v2\/categories?post=12348"},{"taxonomy":"post_tag","embeddable":true,"href":"https:\/\/www.lesmaconsdelacreuse.fr\/annuaires\/wp-json\/wp\/v2\/tags?post=12348"}],"curies":[{"name":"wp","href":"https:\/\/api.w.org\/{rel}","templated":true}]}}