{"id":12352,"date":"2019-07-28T16:14:11","date_gmt":"2019-07-28T14:14:11","guid":{"rendered":"http:\/\/lesmaconsdelacreuse.fr\/annuaire\/?p=12352"},"modified":"2020-09-29T08:57:11","modified_gmt":"2020-09-29T06:57:11","slug":"t_232","status":"publish","type":"post","link":"https:\/\/www.lesmaconsdelacreuse.fr\/annuaires\/lettre-t\/t_232\/","title":{"rendered":"TIXIER Barth\u00e9l\u00e9my (1845-apr\u00e8s 1870)"},"content":{"rendered":"<p class=\"last-updated\"><strong>Mis \u00e0 jour le :<\/strong> 29\/04\/2026<\/p><h2 style=\"text-align: center;\"><strong>Barth\u00e9l\u00e9my TIXIER<\/strong><\/h2>\n<p style=\"text-align: center;\"><strong>1845 \u2013 apr\u00e8s 1870<\/strong><\/p>\n<p style=\"text-align: center;\"><img loading=\"lazy\" decoding=\"async\" class=\"\" title=\"\" src=\"https:\/\/lesmaconsdelacreuse.fr\/annuaire\/wp-content\/uploads\/2019\/07\/image1-184.png\" alt=\"\" width=\"314\" height=\"79\" data-asset-id=\"12351\" data-source-id=\"i.0\" \/><\/p>\n<h4 style=\"text-align: center;\"><span style=\"color: #008000;\"><strong>ma\u00e7on<\/strong><\/span><\/h4>\n<p>&nbsp;<\/p>\n<p style=\"text-align: center;\">n\u00e9 \u00e0 La Breg\u00e8re (Saint-Junien-la-Breg\u00e8re)<\/p>\n<p style=\"text-align: center;\">le 19 octobre 1845<\/p>\n<p style=\"text-align: center;\">fils de<\/p>\n<p style=\"text-align: center;\">L\u00e9onard TIXIER \/ Marie DIZIER<\/p>\n<p style=\"text-align: center;\">cultivateurs<\/p>\n<p style=\"text-align: center;\"><span style=\"color: #ffffff;\">\u25d9<\/span><\/p>\n<p><strong>En 1866<\/strong><em>, Barth\u00e9l\u00e9my travaille en <\/em><span style=\"color: #0000ff;\"><strong>Gironde<\/strong><\/span><em>, et y passe le conseil de r\u00e9vision. Il est exempt\u00e9 de service militaire.<\/em><\/p>\n<p><strong>En 1870<\/strong><em>, il habite <\/em><span style=\"color: #0000ff;\"><strong>Bordeaux (33)<\/strong><\/span><em>, 11, rue Sauteyron.<\/em><\/p>\n<p><em>Le 18 juin de la m\u00eame ann\u00e9e, il y \u00e9pouse Marie Antoinette <\/em><strong>HOSPITAL<\/strong><em>, \u25ba<a href=\"https:\/\/www.lesmaconsdelacreuse.fr\/annuaires\/wp-content\/uploads\/2019\/08\/M\u00c9CANICIENNE.png\" target=\"_blank\" rel=\"noopener noreferrer\">m\u00e9canicienne<\/a><\/em> <em>originaire de Corr\u00e8ze (mari\u00e9s sans contrat).<\/em><\/p>\n<p>&nbsp;<\/p>\n","protected":false},"excerpt":{"rendered":"<p>Mis \u00e0 jour le : 29\/04\/2026Barth\u00e9l\u00e9my TIXIER 1845 \u2013 apr\u00e8s 1870 ma\u00e7on &nbsp; n\u00e9 \u00e0 La Breg\u00e8re (Saint-Junien-la-Breg\u00e8re) le 19 octobre 1845 fils de L\u00e9onard TIXIER \/ Marie DIZIER cultivateurs \u25d9 En 1866, Barth\u00e9l\u00e9my travaille en Gironde, et y passe le conseil de r\u00e9vision. Il est exempt\u00e9 de service militaire. En 1870, il habite Bordeaux ..<\/p>\n<div class=\"clear-fix\"><\/div>\n<p><a href=\"https:\/\/www.lesmaconsdelacreuse.fr\/annuaires\/lettre-t\/t_232\/\" title=\"Lire la suite...\">Lire la suite<\/a><\/p>\n","protected":false},"author":2,"featured_media":0,"comment_status":"closed","ping_status":"closed","sticky":false,"template":"","format":"standard","meta":{"_acf_changed":false,"_exactmetrics_skip_tracking":false,"_exactmetrics_sitenote_active":false,"_exactmetrics_sitenote_note":"","_exactmetrics_sitenote_category":0,"footnotes":""},"categories":[13],"tags":[],"class_list":["post-12352","post","type-post","status-publish","format-standard","hentry","category-lettre-t"],"acf":[],"_links":{"self":[{"href":"https:\/\/www.lesmaconsdelacreuse.fr\/annuaires\/wp-json\/wp\/v2\/posts\/12352","targetHints":{"allow":["GET"]}}],"collection":[{"href":"https:\/\/www.lesmaconsdelacreuse.fr\/annuaires\/wp-json\/wp\/v2\/posts"}],"about":[{"href":"https:\/\/www.lesmaconsdelacreuse.fr\/annuaires\/wp-json\/wp\/v2\/types\/post"}],"author":[{"embeddable":true,"href":"https:\/\/www.lesmaconsdelacreuse.fr\/annuaires\/wp-json\/wp\/v2\/users\/2"}],"replies":[{"embeddable":true,"href":"https:\/\/www.lesmaconsdelacreuse.fr\/annuaires\/wp-json\/wp\/v2\/comments?post=12352"}],"version-history":[{"count":0,"href":"https:\/\/www.lesmaconsdelacreuse.fr\/annuaires\/wp-json\/wp\/v2\/posts\/12352\/revisions"}],"wp:attachment":[{"href":"https:\/\/www.lesmaconsdelacreuse.fr\/annuaires\/wp-json\/wp\/v2\/media?parent=12352"}],"wp:term":[{"taxonomy":"category","embeddable":true,"href":"https:\/\/www.lesmaconsdelacreuse.fr\/annuaires\/wp-json\/wp\/v2\/categories?post=12352"},{"taxonomy":"post_tag","embeddable":true,"href":"https:\/\/www.lesmaconsdelacreuse.fr\/annuaires\/wp-json\/wp\/v2\/tags?post=12352"}],"curies":[{"name":"wp","href":"https:\/\/api.w.org\/{rel}","templated":true}]}}