{"id":12354,"date":"2019-07-28T16:14:11","date_gmt":"2019-07-28T14:14:11","guid":{"rendered":"http:\/\/lesmaconsdelacreuse.fr\/annuaire\/?p=12354"},"modified":"2020-01-20T11:23:54","modified_gmt":"2020-01-20T10:23:54","slug":"t_233","status":"publish","type":"post","link":"https:\/\/www.lesmaconsdelacreuse.fr\/annuaires\/lettre-t\/t_233\/","title":{"rendered":"TIXIER Blaise (1884-apr\u00e8s 1924)"},"content":{"rendered":"<p class=\"last-updated\"><strong>Mis \u00e0 jour le :<\/strong> 29\/04\/2026<\/p><h2 style=\"text-align: center;\"><strong>Blaise TIXIER<\/strong><\/h2>\n<p style=\"text-align: center;\"><strong>1884 \u2013 apr\u00e8s 1924<\/strong><\/p>\n<p style=\"text-align: center;\"><img loading=\"lazy\" decoding=\"async\" class=\"\" title=\"\" src=\"https:\/\/lesmaconsdelacreuse.fr\/annuaire\/wp-content\/uploads\/2019\/07\/image1-2936.jpg\" alt=\"\" width=\"124\" height=\"65\" data-asset-id=\"12353\" data-source-id=\"i.0\" \/><\/p>\n<h4 style=\"text-align: center;\"><span style=\"color: #008000;\"><strong>ma\u00e7on<\/strong><\/span><\/h4>\n<p style=\"text-align: center;\">n\u00e9 \u00e0 Montayaud (Saint-Junien-la-Breg\u00e8re)<\/p>\n<p style=\"text-align: center;\">le 18 septembre 1884<\/p>\n<p style=\"text-align: center;\">fils de<\/p>\n<p style=\"text-align: center;\">Jean TIXIER, <span style=\"color: #008000;\"><strong>ma\u00e7on<\/strong><\/span><\/p>\n<p style=\"text-align: center;\">Anne CHARBONNIER, cultivatrice<\/p>\n<p style=\"text-align: center;\"><span style=\"color: #ffffff;\">\u25d9<\/span><\/p>\n<p><strong>En 1905<\/strong>, <em>lors du conseil de r\u00e9vision, Blaise est vers\u00e9 dans les services auxiliaires pour perte de l\u2019\u0153il droit.<\/em><\/p>\n<p><strong>En 1907<\/strong><em>, il travaille \u00e0 <\/em><span style=\"color: #0000ff;\"><strong>Paris (75)<\/strong><\/span><em> et loge 13, rue Vauquelin, 5e arrondissement. <\/em><\/p>\n<p><strong>En 1924<\/strong><em>, il est \u00e0 <\/em><span style=\"color: #0000ff;\"><strong>Levallois-Perret (92)<\/strong><em>.<\/em><\/span><\/p>\n","protected":false},"excerpt":{"rendered":"<p>Mis \u00e0 jour le : 29\/04\/2026Blaise TIXIER 1884 \u2013 apr\u00e8s 1924 ma\u00e7on n\u00e9 \u00e0 Montayaud (Saint-Junien-la-Breg\u00e8re) le 18 septembre 1884 fils de Jean TIXIER, ma\u00e7on Anne CHARBONNIER, cultivatrice \u25d9 En 1905, lors du conseil de r\u00e9vision, Blaise est vers\u00e9 dans les services auxiliaires pour perte de l\u2019\u0153il droit. En 1907, il travaille \u00e0 Paris (75) ..<\/p>\n<div class=\"clear-fix\"><\/div>\n<p><a href=\"https:\/\/www.lesmaconsdelacreuse.fr\/annuaires\/lettre-t\/t_233\/\" title=\"Lire la suite...\">Lire la suite<\/a><\/p>\n","protected":false},"author":2,"featured_media":0,"comment_status":"closed","ping_status":"closed","sticky":false,"template":"","format":"standard","meta":{"_acf_changed":false,"_exactmetrics_skip_tracking":false,"_exactmetrics_sitenote_active":false,"_exactmetrics_sitenote_note":"","_exactmetrics_sitenote_category":0,"footnotes":""},"categories":[13],"tags":[],"class_list":["post-12354","post","type-post","status-publish","format-standard","hentry","category-lettre-t"],"acf":[],"_links":{"self":[{"href":"https:\/\/www.lesmaconsdelacreuse.fr\/annuaires\/wp-json\/wp\/v2\/posts\/12354","targetHints":{"allow":["GET"]}}],"collection":[{"href":"https:\/\/www.lesmaconsdelacreuse.fr\/annuaires\/wp-json\/wp\/v2\/posts"}],"about":[{"href":"https:\/\/www.lesmaconsdelacreuse.fr\/annuaires\/wp-json\/wp\/v2\/types\/post"}],"author":[{"embeddable":true,"href":"https:\/\/www.lesmaconsdelacreuse.fr\/annuaires\/wp-json\/wp\/v2\/users\/2"}],"replies":[{"embeddable":true,"href":"https:\/\/www.lesmaconsdelacreuse.fr\/annuaires\/wp-json\/wp\/v2\/comments?post=12354"}],"version-history":[{"count":0,"href":"https:\/\/www.lesmaconsdelacreuse.fr\/annuaires\/wp-json\/wp\/v2\/posts\/12354\/revisions"}],"wp:attachment":[{"href":"https:\/\/www.lesmaconsdelacreuse.fr\/annuaires\/wp-json\/wp\/v2\/media?parent=12354"}],"wp:term":[{"taxonomy":"category","embeddable":true,"href":"https:\/\/www.lesmaconsdelacreuse.fr\/annuaires\/wp-json\/wp\/v2\/categories?post=12354"},{"taxonomy":"post_tag","embeddable":true,"href":"https:\/\/www.lesmaconsdelacreuse.fr\/annuaires\/wp-json\/wp\/v2\/tags?post=12354"}],"curies":[{"name":"wp","href":"https:\/\/api.w.org\/{rel}","templated":true}]}}