{"id":12358,"date":"2019-07-28T16:14:11","date_gmt":"2019-07-28T14:14:11","guid":{"rendered":"http:\/\/lesmaconsdelacreuse.fr\/annuaire\/?p=12358"},"modified":"2020-01-20T11:23:54","modified_gmt":"2020-01-20T10:23:54","slug":"t_222","status":"publish","type":"post","link":"https:\/\/www.lesmaconsdelacreuse.fr\/annuaires\/lettre-t\/t_222\/","title":{"rendered":"TIQUET Louis (vers 1787-1850)"},"content":{"rendered":"<p class=\"last-updated\"><strong>Mis \u00e0 jour le :<\/strong> 29\/04\/2026<\/p><h2 style=\"text-align: center;\"><strong>Louis TIQUET<\/strong><\/h2>\n<p style=\"text-align: center;\"><strong>vers 1787 \u2013 1850<\/strong><\/p>\n<p style=\"text-align: center;\"><img decoding=\"async\" title=\"\" src=\"https:\/\/lesmaconsdelacreuse.fr\/annuaire\/wp-content\/uploads\/2019\/07\/image1-2937.jpg\" alt=\"\" data-asset-id=\"12357\" data-source-id=\"i.0\" \/><\/p>\n<h4 style=\"text-align: center;\"><span style=\"color: #008000;\"><strong>ma\u00e7on<\/strong><\/span><\/h4>\n<p style=\"text-align: center;\">n\u00e9 \u00e0 Saint-Julien-le-Petit (87)\u00a0?<\/p>\n<p style=\"text-align: center;\">vers 1787<\/p>\n<p style=\"text-align: center;\"><span style=\"color: #ffffff;\">\u25d9<\/span><\/p>\n<p><strong>Avant 1824<\/strong><em>, Louis \u00e9pouse Catherine <\/em><strong>PATAUD<\/strong> <em>. <\/em><\/p>\n<p><em>Ils habitent Le Massadour. <\/em><\/p>\n<p><em>Ils d\u00e9c\u00e8dent\u00a0:<\/em><\/p>\n<p><em>\u2022\u00a0 Catherine, au Massadour, le 7 mai <\/em><strong>1831<\/strong><em>, \u00e2g\u00e9e de 30 ans<\/em><\/p>\n<p><em>\u2022\u00a0 Louis, au bourg de Morterolles, le 1er juillet <\/em><strong>1850<\/strong><em>, \u00e2g\u00e9 de 63 ans environ<\/em><\/p>\n","protected":false},"excerpt":{"rendered":"<p>Mis \u00e0 jour le : 29\/04\/2026Louis TIQUET vers 1787 \u2013 1850 ma\u00e7on n\u00e9 \u00e0 Saint-Julien-le-Petit (87)\u00a0? vers 1787 \u25d9 Avant 1824, Louis \u00e9pouse Catherine PATAUD . Ils habitent Le Massadour. Ils d\u00e9c\u00e8dent\u00a0: \u2022\u00a0 Catherine, au Massadour, le 7 mai 1831, \u00e2g\u00e9e de 30 ans \u2022\u00a0 Louis, au bourg de Morterolles, le 1er juillet 1850, \u00e2g\u00e9 ..<\/p>\n<div class=\"clear-fix\"><\/div>\n<p><a href=\"https:\/\/www.lesmaconsdelacreuse.fr\/annuaires\/lettre-t\/t_222\/\" title=\"Lire la suite...\">Lire la suite<\/a><\/p>\n","protected":false},"author":2,"featured_media":0,"comment_status":"closed","ping_status":"closed","sticky":false,"template":"","format":"standard","meta":{"_acf_changed":false,"_exactmetrics_skip_tracking":false,"_exactmetrics_sitenote_active":false,"_exactmetrics_sitenote_note":"","_exactmetrics_sitenote_category":0,"footnotes":""},"categories":[13],"tags":[],"class_list":["post-12358","post","type-post","status-publish","format-standard","hentry","category-lettre-t"],"acf":[],"_links":{"self":[{"href":"https:\/\/www.lesmaconsdelacreuse.fr\/annuaires\/wp-json\/wp\/v2\/posts\/12358","targetHints":{"allow":["GET"]}}],"collection":[{"href":"https:\/\/www.lesmaconsdelacreuse.fr\/annuaires\/wp-json\/wp\/v2\/posts"}],"about":[{"href":"https:\/\/www.lesmaconsdelacreuse.fr\/annuaires\/wp-json\/wp\/v2\/types\/post"}],"author":[{"embeddable":true,"href":"https:\/\/www.lesmaconsdelacreuse.fr\/annuaires\/wp-json\/wp\/v2\/users\/2"}],"replies":[{"embeddable":true,"href":"https:\/\/www.lesmaconsdelacreuse.fr\/annuaires\/wp-json\/wp\/v2\/comments?post=12358"}],"version-history":[{"count":0,"href":"https:\/\/www.lesmaconsdelacreuse.fr\/annuaires\/wp-json\/wp\/v2\/posts\/12358\/revisions"}],"wp:attachment":[{"href":"https:\/\/www.lesmaconsdelacreuse.fr\/annuaires\/wp-json\/wp\/v2\/media?parent=12358"}],"wp:term":[{"taxonomy":"category","embeddable":true,"href":"https:\/\/www.lesmaconsdelacreuse.fr\/annuaires\/wp-json\/wp\/v2\/categories?post=12358"},{"taxonomy":"post_tag","embeddable":true,"href":"https:\/\/www.lesmaconsdelacreuse.fr\/annuaires\/wp-json\/wp\/v2\/tags?post=12358"}],"curies":[{"name":"wp","href":"https:\/\/api.w.org\/{rel}","templated":true}]}}