{"id":12362,"date":"2019-07-28T16:14:11","date_gmt":"2019-07-28T14:14:11","guid":{"rendered":"http:\/\/lesmaconsdelacreuse.fr\/annuaire\/?p=12362"},"modified":"2020-01-20T11:23:54","modified_gmt":"2020-01-20T10:23:54","slug":"t_221","status":"publish","type":"post","link":"https:\/\/www.lesmaconsdelacreuse.fr\/annuaires\/lettre-t\/t_221\/","title":{"rendered":"TIQUET L\u00e9onard (1862-1908)"},"content":{"rendered":"<p class=\"last-updated\"><strong>Mis \u00e0 jour le :<\/strong> 29\/04\/2026<\/p><h2 style=\"text-align: center;\"><strong>L\u00e9onard TIQUET<\/strong><\/h2>\n<p style=\"text-align: center;\"><strong>1862 \u2013 1908<\/strong><\/p>\n<p style=\"text-align: center;\"><img decoding=\"async\" title=\"\" src=\"https:\/\/lesmaconsdelacreuse.fr\/annuaire\/wp-content\/uploads\/2019\/07\/image1-2939.jpg\" alt=\"\" data-asset-id=\"12361\" data-source-id=\"i.0\" \/><\/p>\n<h4 style=\"text-align: center;\"><span style=\"color: #008000;\"><strong>ma\u00e7on<\/strong><\/span><\/h4>\n<p style=\"text-align: center;\">n\u00e9 \u00e0 La Vedrenne (Saint-Pardoux-Lavaud)<\/p>\n<p style=\"text-align: center;\">le 12 juin 1862<\/p>\n<p style=\"text-align: center;\">fils de<\/p>\n<p style=\"text-align: center;\">Fran\u00e7ois TIQUET, <span style=\"color: #008000;\"><strong>ma\u00e7on<\/strong><\/span> et sabotier<\/p>\n<p style=\"text-align: center;\">Catherine PATAUD<\/p>\n<p style=\"text-align: center;\">propri\u00e9taires cultivateurs<\/p>\n<p style=\"text-align: center;\"><span style=\"color: #ffffff;\">\u25d9<\/span><\/p>\n<p><em>L\u00e9onard \u00e9pouse Marie <\/em><strong>PIGEROULET<\/strong><em> le 14 janvier <\/em><strong>1888<\/strong> <em>\u00e0 Saint-Pardoux\u00a0 (contrat Toumieux \u00e0 Roy\u00e8re). Ils habitent d\u2019abord La Vedrenne. <\/em><\/p>\n<p><em>L\u00e9onard travaille \u00e0 <\/em><strong><span style=\"color: #0000ff;\">Paris (75)<\/span>\u00a0<\/strong><em>et loge d&rsquo;abord<\/em><em> 57, rue Galande ;<\/em><\/p>\n<p><strong>en 1890<\/strong><em>, 7, rue Thouin\u00a0;<\/em><\/p>\n<p><strong>en 1891<\/strong><em>, 41, rue Lac\u00e9p\u00e8de\u00a0;<\/em><\/p>\n<p><strong>en 1892 et 1893<\/strong><em>, 7, rue Ma\u00eetre-Albert\u00a0;<\/em><\/p>\n<p><strong>en 1895<\/strong><em>, 114, rue d\u2019Al\u00e9sia\u00a0;<\/em><\/p>\n<p><strong>de 1902 \u00e0 1905<\/strong> <em>au moins, 2, rue Joann\u00e8s dans le 14e arrondissement.<\/em><\/p>\n<p><em>Il d\u00e9c\u00e8de \u00e0 Paris le 25 avril <\/em><strong>1908<\/strong><em>, \u00e2g\u00e9 de 45 ans.<\/em><\/p>\n<p><em>En 1928, sa veuve est \u00e0 G\u00eanes, en Italie.<\/em><\/p>\n","protected":false},"excerpt":{"rendered":"<p>Mis \u00e0 jour le : 29\/04\/2026L\u00e9onard TIQUET 1862 \u2013 1908 ma\u00e7on n\u00e9 \u00e0 La Vedrenne (Saint-Pardoux-Lavaud) le 12 juin 1862 fils de Fran\u00e7ois TIQUET, ma\u00e7on et sabotier Catherine PATAUD propri\u00e9taires cultivateurs \u25d9 L\u00e9onard \u00e9pouse Marie PIGEROULET le 14 janvier 1888 \u00e0 Saint-Pardoux\u00a0 (contrat Toumieux \u00e0 Roy\u00e8re). Ils habitent d\u2019abord La Vedrenne. L\u00e9onard travaille \u00e0 Paris ..<\/p>\n<div class=\"clear-fix\"><\/div>\n<p><a href=\"https:\/\/www.lesmaconsdelacreuse.fr\/annuaires\/lettre-t\/t_221\/\" title=\"Lire la suite...\">Lire la suite<\/a><\/p>\n","protected":false},"author":2,"featured_media":0,"comment_status":"closed","ping_status":"closed","sticky":false,"template":"","format":"standard","meta":{"_acf_changed":false,"_exactmetrics_skip_tracking":false,"_exactmetrics_sitenote_active":false,"_exactmetrics_sitenote_note":"","_exactmetrics_sitenote_category":0,"footnotes":""},"categories":[13],"tags":[],"class_list":["post-12362","post","type-post","status-publish","format-standard","hentry","category-lettre-t"],"acf":[],"_links":{"self":[{"href":"https:\/\/www.lesmaconsdelacreuse.fr\/annuaires\/wp-json\/wp\/v2\/posts\/12362","targetHints":{"allow":["GET"]}}],"collection":[{"href":"https:\/\/www.lesmaconsdelacreuse.fr\/annuaires\/wp-json\/wp\/v2\/posts"}],"about":[{"href":"https:\/\/www.lesmaconsdelacreuse.fr\/annuaires\/wp-json\/wp\/v2\/types\/post"}],"author":[{"embeddable":true,"href":"https:\/\/www.lesmaconsdelacreuse.fr\/annuaires\/wp-json\/wp\/v2\/users\/2"}],"replies":[{"embeddable":true,"href":"https:\/\/www.lesmaconsdelacreuse.fr\/annuaires\/wp-json\/wp\/v2\/comments?post=12362"}],"version-history":[{"count":0,"href":"https:\/\/www.lesmaconsdelacreuse.fr\/annuaires\/wp-json\/wp\/v2\/posts\/12362\/revisions"}],"wp:attachment":[{"href":"https:\/\/www.lesmaconsdelacreuse.fr\/annuaires\/wp-json\/wp\/v2\/media?parent=12362"}],"wp:term":[{"taxonomy":"category","embeddable":true,"href":"https:\/\/www.lesmaconsdelacreuse.fr\/annuaires\/wp-json\/wp\/v2\/categories?post=12362"},{"taxonomy":"post_tag","embeddable":true,"href":"https:\/\/www.lesmaconsdelacreuse.fr\/annuaires\/wp-json\/wp\/v2\/tags?post=12362"}],"curies":[{"name":"wp","href":"https:\/\/api.w.org\/{rel}","templated":true}]}}