{"id":12366,"date":"2019-07-28T16:14:11","date_gmt":"2019-07-28T14:14:11","guid":{"rendered":"http:\/\/lesmaconsdelacreuse.fr\/annuaire\/?p=12366"},"modified":"2020-09-21T09:55:12","modified_gmt":"2020-09-21T07:55:12","slug":"t_225","status":"publish","type":"post","link":"https:\/\/www.lesmaconsdelacreuse.fr\/annuaires\/lettre-t\/t_225\/","title":{"rendered":"TIXIER Andr\u00e9 (1845-1921)"},"content":{"rendered":"<p class=\"last-updated\"><strong>Mis \u00e0 jour le :<\/strong> 29\/04\/2026<\/p><h2 style=\"text-align: center;\"><strong>A<\/strong><strong>ndr\u00e9 TIXIER<\/strong><\/h2>\n<p style=\"text-align: center;\"><strong>1845 \u2013 1921<\/strong><\/p>\n<p style=\"text-align: center;\"><img decoding=\"async\" title=\"\" src=\"https:\/\/lesmaconsdelacreuse.fr\/annuaire\/wp-content\/uploads\/2019\/07\/image1-2941.jpg\" alt=\"\" data-asset-id=\"12365\" data-source-id=\"i.0\" \/><\/p>\n<h4 style=\"text-align: center;\"><span style=\"color: #008000;\"><strong>ma\u00e7on <\/strong>et <strong>propri\u00e9taire cultivateur<\/strong><\/span><\/h4>\n<p>&nbsp;<\/p>\n<p style=\"text-align: center;\">n\u00e9 aux Bordes (Roy\u00e8re)<\/p>\n<p style=\"text-align: center;\">le 2 septembre 1845<\/p>\n<p style=\"text-align: center;\">fils de<\/p>\n<p style=\"text-align: center;\">Pierre TIXIER, <span style=\"color: #008000;\"><strong>ma\u00e7on<\/strong><\/span><\/p>\n<p style=\"text-align: center;\">Jeanne CUISINAUD, cultivatrice<\/p>\n<p style=\"text-align: center;\"><span style=\"color: #ffffff;\">\u25d9<\/span><\/p>\n<p><em>Andr\u00e9 \u00e9pouse Marie Alexandrine <\/em><strong>JANDON<\/strong><em> le 18 f\u00e9vrier<\/em> <strong>1873<\/strong><em> \u00e0 Roy\u00e8re (contrat Toumieux). Ils habitent Haute-Faye, m\u00eame commune. <\/em><\/p>\n<p><strong>En 1891 et 1892<\/strong><em>, Andr\u00e9 travaille \u00e0 <\/em><span style=\"color: #0000ff;\"><strong>Lyon (69)<\/strong><\/span><em>, et loge 3, rue B\u00e9chevelin.<\/em><\/p>\n<p><em>Les \u00e9poux d\u00e9c\u00e8dent \u00e0 Haute-Faye\u00a0:<\/em><\/p>\n<ul>\n<li><em>Andr\u00e9, le 30 mars <\/em><strong>1921<\/strong><em>, \u00e2g\u00e9 de 75 ans, \u25ba<a href=\"https:\/\/www.lesmaconsdelacreuse.fr\/annuaires\/\/wp-content\/uploads\/LEXIQUE\/AB_INTESTAT.pdf\" target=\"_blank\" rel=\"noopener noreferrer\">ab intestat<\/a><br \/>\n<\/em><\/li>\n<li><em>Jeanne, le 16 mars <\/em><strong>1927<\/strong><em>, \u00e2g\u00e9e de 79 ans<\/em><\/li>\n<\/ul>\n<p>&nbsp;<\/p>\n","protected":false},"excerpt":{"rendered":"<p>Mis \u00e0 jour le : 29\/04\/2026Andr\u00e9 TIXIER 1845 \u2013 1921 ma\u00e7on et propri\u00e9taire cultivateur &nbsp; n\u00e9 aux Bordes (Roy\u00e8re) le 2 septembre 1845 fils de Pierre TIXIER, ma\u00e7on Jeanne CUISINAUD, cultivatrice \u25d9 Andr\u00e9 \u00e9pouse Marie Alexandrine JANDON le 18 f\u00e9vrier 1873 \u00e0 Roy\u00e8re (contrat Toumieux). Ils habitent Haute-Faye, m\u00eame commune. En 1891 et 1892, Andr\u00e9 ..<\/p>\n<div class=\"clear-fix\"><\/div>\n<p><a href=\"https:\/\/www.lesmaconsdelacreuse.fr\/annuaires\/lettre-t\/t_225\/\" title=\"Lire la suite...\">Lire la suite<\/a><\/p>\n","protected":false},"author":2,"featured_media":0,"comment_status":"closed","ping_status":"closed","sticky":false,"template":"","format":"standard","meta":{"_acf_changed":false,"_exactmetrics_skip_tracking":false,"_exactmetrics_sitenote_active":false,"_exactmetrics_sitenote_note":"","_exactmetrics_sitenote_category":0,"footnotes":""},"categories":[13],"tags":[],"class_list":["post-12366","post","type-post","status-publish","format-standard","hentry","category-lettre-t"],"acf":[],"_links":{"self":[{"href":"https:\/\/www.lesmaconsdelacreuse.fr\/annuaires\/wp-json\/wp\/v2\/posts\/12366","targetHints":{"allow":["GET"]}}],"collection":[{"href":"https:\/\/www.lesmaconsdelacreuse.fr\/annuaires\/wp-json\/wp\/v2\/posts"}],"about":[{"href":"https:\/\/www.lesmaconsdelacreuse.fr\/annuaires\/wp-json\/wp\/v2\/types\/post"}],"author":[{"embeddable":true,"href":"https:\/\/www.lesmaconsdelacreuse.fr\/annuaires\/wp-json\/wp\/v2\/users\/2"}],"replies":[{"embeddable":true,"href":"https:\/\/www.lesmaconsdelacreuse.fr\/annuaires\/wp-json\/wp\/v2\/comments?post=12366"}],"version-history":[{"count":0,"href":"https:\/\/www.lesmaconsdelacreuse.fr\/annuaires\/wp-json\/wp\/v2\/posts\/12366\/revisions"}],"wp:attachment":[{"href":"https:\/\/www.lesmaconsdelacreuse.fr\/annuaires\/wp-json\/wp\/v2\/media?parent=12366"}],"wp:term":[{"taxonomy":"category","embeddable":true,"href":"https:\/\/www.lesmaconsdelacreuse.fr\/annuaires\/wp-json\/wp\/v2\/categories?post=12366"},{"taxonomy":"post_tag","embeddable":true,"href":"https:\/\/www.lesmaconsdelacreuse.fr\/annuaires\/wp-json\/wp\/v2\/tags?post=12366"}],"curies":[{"name":"wp","href":"https:\/\/api.w.org\/{rel}","templated":true}]}}