{"id":12368,"date":"2019-07-28T16:14:10","date_gmt":"2019-07-28T14:14:10","guid":{"rendered":"http:\/\/lesmaconsdelacreuse.fr\/annuaire\/?p=12368"},"modified":"2020-01-20T11:23:55","modified_gmt":"2020-01-20T10:23:55","slug":"t_206","status":"publish","type":"post","link":"https:\/\/www.lesmaconsdelacreuse.fr\/annuaires\/lettre-t\/t_206\/","title":{"rendered":"THOMAS L\u00e9onard (1779-1824)"},"content":{"rendered":"<p class=\"last-updated\"><strong>Mis \u00e0 jour le :<\/strong> 29\/04\/2026<\/p><h2 style=\"text-align: center;\"><strong>L\u00e9onard THOMAS<\/strong><\/h2>\n<p style=\"text-align: center;\"><strong>L\u00e9onard THOMAS l\u2019a\u00een\u00e9<\/strong><\/p>\n<p style=\"text-align: center;\"><strong>1779 \u2013 1824<\/strong><\/p>\n<p style=\"text-align: center;\"><img decoding=\"async\" title=\"\" src=\"https:\/\/lesmaconsdelacreuse.fr\/annuaire\/wp-content\/uploads\/2019\/07\/image1-2942.jpg\" alt=\"\" data-asset-id=\"12367\" data-source-id=\"i.0\" \/><\/p>\n<h4 style=\"text-align: center;\"><span style=\"color: #008000;\"><strong>ma\u00e7on<\/strong><\/span><\/h4>\n<p style=\"text-align: center;\">n\u00e9 \u00e0 Haute-Faye (Roy\u00e8re)<\/p>\n<p style=\"text-align: center;\">le 14 novembre 1779<\/p>\n<p style=\"text-align: center;\">fils de<\/p>\n<p style=\"text-align: center;\">Jean THOMAS, <span style=\"color: #008000;\"><strong>ma\u00e7on <\/strong><\/span><strong>\/ <\/strong>Th\u00e9r\u00e8se PERN\u00c8GRE<\/p>\n<p style=\"text-align: center;\"><span style=\"color: #ffffff;\">\u25d9<\/span><\/p>\n<p><em>L\u00e9onard \u00e9pouse Th\u00e9r\u00e8se <\/em><strong>MARVIER<\/strong><em> le 10 vent\u00f4se an VIII (1er mars <\/em><strong>1800<\/strong>)<em> \u00e0 Roy\u00e8re (contrat Coutisson)\u00a0; il ne sait pas encore signer. <\/em><\/p>\n<p><em>L\u00e9onard teste deux fois\u00a0: le 29 mai <\/em><strong>1812<\/strong><em> devant Me Coutisson de Roy\u00e8re, puis le 10 septembre <\/em><strong>1817<\/strong><em>, devant Me Lepetit du Monteil-au-Vicomte.<\/em><\/p>\n<p><em>Les \u00e9poux d\u00e9c\u00e8dent\u00a0:<\/em><\/p>\n<ul>\n<li><em>Th\u00e9r\u00e8se, \u00e0 Haute-Faye le 14 mars <\/em><strong>1818<\/strong><em>, \u00e2g\u00e9e de 36 ans<\/em><\/li>\n<li><em>L\u00e9onard, \u00e0 La Cour-de-Rozet, commune de Saint-Pardoux-Lavaud, le 24 juillet <\/em><strong>1824<\/strong><em>, \u00e2g\u00e9 de 44 ans <\/em><\/li>\n<\/ul>\n","protected":false},"excerpt":{"rendered":"<p>Mis \u00e0 jour le : 29\/04\/2026L\u00e9onard THOMAS L\u00e9onard THOMAS l\u2019a\u00een\u00e9 1779 \u2013 1824 ma\u00e7on n\u00e9 \u00e0 Haute-Faye (Roy\u00e8re) le 14 novembre 1779 fils de Jean THOMAS, ma\u00e7on \/ Th\u00e9r\u00e8se PERN\u00c8GRE \u25d9 L\u00e9onard \u00e9pouse Th\u00e9r\u00e8se MARVIER le 10 vent\u00f4se an VIII (1er mars 1800) \u00e0 Roy\u00e8re (contrat Coutisson)\u00a0; il ne sait pas encore signer. L\u00e9onard teste ..<\/p>\n<div class=\"clear-fix\"><\/div>\n<p><a href=\"https:\/\/www.lesmaconsdelacreuse.fr\/annuaires\/lettre-t\/t_206\/\" title=\"Lire la suite...\">Lire la suite<\/a><\/p>\n","protected":false},"author":2,"featured_media":0,"comment_status":"closed","ping_status":"closed","sticky":false,"template":"","format":"standard","meta":{"_acf_changed":false,"_exactmetrics_skip_tracking":false,"_exactmetrics_sitenote_active":false,"_exactmetrics_sitenote_note":"","_exactmetrics_sitenote_category":0,"footnotes":""},"categories":[13],"tags":[],"class_list":["post-12368","post","type-post","status-publish","format-standard","hentry","category-lettre-t"],"acf":[],"_links":{"self":[{"href":"https:\/\/www.lesmaconsdelacreuse.fr\/annuaires\/wp-json\/wp\/v2\/posts\/12368","targetHints":{"allow":["GET"]}}],"collection":[{"href":"https:\/\/www.lesmaconsdelacreuse.fr\/annuaires\/wp-json\/wp\/v2\/posts"}],"about":[{"href":"https:\/\/www.lesmaconsdelacreuse.fr\/annuaires\/wp-json\/wp\/v2\/types\/post"}],"author":[{"embeddable":true,"href":"https:\/\/www.lesmaconsdelacreuse.fr\/annuaires\/wp-json\/wp\/v2\/users\/2"}],"replies":[{"embeddable":true,"href":"https:\/\/www.lesmaconsdelacreuse.fr\/annuaires\/wp-json\/wp\/v2\/comments?post=12368"}],"version-history":[{"count":0,"href":"https:\/\/www.lesmaconsdelacreuse.fr\/annuaires\/wp-json\/wp\/v2\/posts\/12368\/revisions"}],"wp:attachment":[{"href":"https:\/\/www.lesmaconsdelacreuse.fr\/annuaires\/wp-json\/wp\/v2\/media?parent=12368"}],"wp:term":[{"taxonomy":"category","embeddable":true,"href":"https:\/\/www.lesmaconsdelacreuse.fr\/annuaires\/wp-json\/wp\/v2\/categories?post=12368"},{"taxonomy":"post_tag","embeddable":true,"href":"https:\/\/www.lesmaconsdelacreuse.fr\/annuaires\/wp-json\/wp\/v2\/tags?post=12368"}],"curies":[{"name":"wp","href":"https:\/\/api.w.org\/{rel}","templated":true}]}}