{"id":12370,"date":"2019-07-28T16:14:10","date_gmt":"2019-07-28T14:14:10","guid":{"rendered":"http:\/\/lesmaconsdelacreuse.fr\/annuaire\/?p=12370"},"modified":"2020-10-14T09:30:01","modified_gmt":"2020-10-14T07:30:01","slug":"t_226","status":"publish","type":"post","link":"https:\/\/www.lesmaconsdelacreuse.fr\/annuaires\/lettre-t\/t_226\/","title":{"rendered":"TIXIER Antoine (1749-apr\u00e8s 1786)"},"content":{"rendered":"<p class=\"last-updated\"><strong>Mis \u00e0 jour le :<\/strong> 29\/04\/2026<\/p><h2 style=\"text-align: center;\"><strong>Antoine TIXIER<\/strong><\/h2>\n<p style=\"text-align: center;\"><strong>1749 &#8211; apr\u00e8s 1786<\/strong><\/p>\n<p style=\"text-align: center;\"><img decoding=\"async\" title=\"\" src=\"https:\/\/lesmaconsdelacreuse.fr\/annuaire\/wp-content\/uploads\/2019\/07\/image1-2943.jpg\" alt=\"\" data-asset-id=\"12369\" data-source-id=\"i.0\" \/><\/p>\n<h4 style=\"text-align: center;\"><span style=\"color: #008000;\"><strong>ma\u00e7on<\/strong><\/span><\/h4>\n<p>&nbsp;<\/p>\n<p style=\"text-align: center;\">n\u00e9 \u00e0 Haute-Faye (Roy\u00e8re)<\/p>\n<p style=\"text-align: center;\">le 10 juillet 1749<\/p>\n<p style=\"text-align: center;\">fils de<\/p>\n<p style=\"text-align: center;\">\u00c9tienne TIXIER,\u00a0<strong>\u25ba\u00a0<\/strong><a href=\"https:\/\/www.lesmaconsdelacreuse.fr\/annuaires\/wp-content\/uploads\/2020\/07\/MA\u00ceTRE-MA\u00c7ON.png\" target=\"_blank\" rel=\"noopener noreferrer\"><strong><span style=\"color: #008000;\">ma\u00eetre ma\u00e7on<\/span><\/strong><\/a><\/p>\n<p style=\"text-align: center;\">Catherine BOURDEAU<\/p>\n<p style=\"text-align: center;\"><span style=\"color: #ffffff;\">\u25d9<\/span><\/p>\n<p><strong>En 1786<\/strong><em>, Antoine habite Le Cloup, paroisse de Roy\u00e8re.<\/em><\/p>\n<p>&nbsp;<\/p>\n","protected":false},"excerpt":{"rendered":"<p>Mis \u00e0 jour le : 29\/04\/2026Antoine TIXIER 1749 &#8211; apr\u00e8s 1786 ma\u00e7on &nbsp; n\u00e9 \u00e0 Haute-Faye (Roy\u00e8re) le 10 juillet 1749 fils de \u00c9tienne TIXIER,\u00a0\u25ba\u00a0ma\u00eetre ma\u00e7on Catherine BOURDEAU \u25d9 En 1786, Antoine habite Le Cloup, paroisse de Roy\u00e8..<\/p>\n<div class=\"clear-fix\"><\/div>\n<p><a href=\"https:\/\/www.lesmaconsdelacreuse.fr\/annuaires\/lettre-t\/t_226\/\" title=\"Lire la suite...\">Lire la suite<\/a><\/p>\n","protected":false},"author":2,"featured_media":0,"comment_status":"closed","ping_status":"closed","sticky":false,"template":"","format":"standard","meta":{"_acf_changed":false,"_exactmetrics_skip_tracking":false,"_exactmetrics_sitenote_active":false,"_exactmetrics_sitenote_note":"","_exactmetrics_sitenote_category":0,"footnotes":""},"categories":[13],"tags":[],"class_list":["post-12370","post","type-post","status-publish","format-standard","hentry","category-lettre-t"],"acf":[],"_links":{"self":[{"href":"https:\/\/www.lesmaconsdelacreuse.fr\/annuaires\/wp-json\/wp\/v2\/posts\/12370","targetHints":{"allow":["GET"]}}],"collection":[{"href":"https:\/\/www.lesmaconsdelacreuse.fr\/annuaires\/wp-json\/wp\/v2\/posts"}],"about":[{"href":"https:\/\/www.lesmaconsdelacreuse.fr\/annuaires\/wp-json\/wp\/v2\/types\/post"}],"author":[{"embeddable":true,"href":"https:\/\/www.lesmaconsdelacreuse.fr\/annuaires\/wp-json\/wp\/v2\/users\/2"}],"replies":[{"embeddable":true,"href":"https:\/\/www.lesmaconsdelacreuse.fr\/annuaires\/wp-json\/wp\/v2\/comments?post=12370"}],"version-history":[{"count":0,"href":"https:\/\/www.lesmaconsdelacreuse.fr\/annuaires\/wp-json\/wp\/v2\/posts\/12370\/revisions"}],"wp:attachment":[{"href":"https:\/\/www.lesmaconsdelacreuse.fr\/annuaires\/wp-json\/wp\/v2\/media?parent=12370"}],"wp:term":[{"taxonomy":"category","embeddable":true,"href":"https:\/\/www.lesmaconsdelacreuse.fr\/annuaires\/wp-json\/wp\/v2\/categories?post=12370"},{"taxonomy":"post_tag","embeddable":true,"href":"https:\/\/www.lesmaconsdelacreuse.fr\/annuaires\/wp-json\/wp\/v2\/tags?post=12370"}],"curies":[{"name":"wp","href":"https:\/\/api.w.org\/{rel}","templated":true}]}}