{"id":12372,"date":"2019-07-28T16:14:10","date_gmt":"2019-07-28T14:14:10","guid":{"rendered":"http:\/\/lesmaconsdelacreuse.fr\/annuaire\/?p=12372"},"modified":"2020-01-20T11:23:55","modified_gmt":"2020-01-20T10:23:55","slug":"t_208","status":"publish","type":"post","link":"https:\/\/www.lesmaconsdelacreuse.fr\/annuaires\/lettre-t\/t_208\/","title":{"rendered":"THOUMASSON L\u00e9onard (1775-1825)"},"content":{"rendered":"<p class=\"last-updated\"><strong>Mis \u00e0 jour le :<\/strong> 29\/04\/2026<\/p><h2 style=\"text-align: center;\"><strong>L\u00e9onard THOUMASSON<\/strong><\/h2>\n<p style=\"text-align: center;\"><strong>1775 \u2013 1825<\/strong><\/p>\n<p style=\"text-align: center;\"><img decoding=\"async\" title=\"\" src=\"https:\/\/lesmaconsdelacreuse.fr\/annuaire\/wp-content\/uploads\/2019\/07\/image1-2944.jpg\" alt=\"\" data-asset-id=\"12371\" data-source-id=\"i.0\" \/><\/p>\n<h4 style=\"text-align: center;\"><span style=\"color: #008000;\"><strong>ma\u00e7on <\/strong>et<strong> cultivateur<\/strong><\/span><\/h4>\n<p style=\"text-align: center;\">n\u00e9 \u00e0 La Vialle (Saint-Moreil)<\/p>\n<p style=\"text-align: center;\">le 30 mai 1775<\/p>\n<p style=\"text-align: center;\">fils de<\/p>\n<p style=\"text-align: center;\">L\u00e9onard THOUMASSON \/ Jeanne COUPET<\/p>\n<p style=\"text-align: center;\">laboureurs<\/p>\n<p style=\"text-align: center;\"><span style=\"color: #ffffff;\">\u25d9<\/span><\/p>\n<p><em>L\u00e9onard \u00e9pouse Marie <\/em><strong>PLANCHAT<\/strong><em> le 3 pluvi\u00f4se an II (22 janvier <\/em><strong>1794<\/strong><em>) \u00e0 Saint-Moreil.<\/em><\/p>\n<p><em> Ils habitent La Vialle, m\u00eame commune.<\/em><\/p>\n<p><em>Ils d\u00e9c\u00e8dent\u00a0:<\/em><\/p>\n<ul>\n<li><em>L\u00e9onard, \u00e0 La Vialle, le 12 d\u00e9cembre <\/em><strong>1825<\/strong><em>, \u00e2g\u00e9 de 50 ans<\/em><\/li>\n<li><em>Marie, au bourg de Saint-Moreil, le 5 octobre <\/em><strong>1834<\/strong><em>, \u00e2g\u00e9e de 56 ans environ<\/em><\/li>\n<\/ul>\n","protected":false},"excerpt":{"rendered":"<p>Mis \u00e0 jour le : 29\/04\/2026L\u00e9onard THOUMASSON 1775 \u2013 1825 ma\u00e7on et cultivateur n\u00e9 \u00e0 La Vialle (Saint-Moreil) le 30 mai 1775 fils de L\u00e9onard THOUMASSON \/ Jeanne COUPET laboureurs \u25d9 L\u00e9onard \u00e9pouse Marie PLANCHAT le 3 pluvi\u00f4se an II (22 janvier 1794) \u00e0 Saint-Moreil. Ils habitent La Vialle, m\u00eame commune. Ils d\u00e9c\u00e8dent\u00a0: L\u00e9onard, \u00e0 ..<\/p>\n<div class=\"clear-fix\"><\/div>\n<p><a href=\"https:\/\/www.lesmaconsdelacreuse.fr\/annuaires\/lettre-t\/t_208\/\" title=\"Lire la suite...\">Lire la suite<\/a><\/p>\n","protected":false},"author":2,"featured_media":0,"comment_status":"closed","ping_status":"closed","sticky":false,"template":"","format":"standard","meta":{"_acf_changed":false,"_exactmetrics_skip_tracking":false,"_exactmetrics_sitenote_active":false,"_exactmetrics_sitenote_note":"","_exactmetrics_sitenote_category":0,"footnotes":""},"categories":[13],"tags":[],"class_list":["post-12372","post","type-post","status-publish","format-standard","hentry","category-lettre-t"],"acf":[],"_links":{"self":[{"href":"https:\/\/www.lesmaconsdelacreuse.fr\/annuaires\/wp-json\/wp\/v2\/posts\/12372","targetHints":{"allow":["GET"]}}],"collection":[{"href":"https:\/\/www.lesmaconsdelacreuse.fr\/annuaires\/wp-json\/wp\/v2\/posts"}],"about":[{"href":"https:\/\/www.lesmaconsdelacreuse.fr\/annuaires\/wp-json\/wp\/v2\/types\/post"}],"author":[{"embeddable":true,"href":"https:\/\/www.lesmaconsdelacreuse.fr\/annuaires\/wp-json\/wp\/v2\/users\/2"}],"replies":[{"embeddable":true,"href":"https:\/\/www.lesmaconsdelacreuse.fr\/annuaires\/wp-json\/wp\/v2\/comments?post=12372"}],"version-history":[{"count":0,"href":"https:\/\/www.lesmaconsdelacreuse.fr\/annuaires\/wp-json\/wp\/v2\/posts\/12372\/revisions"}],"wp:attachment":[{"href":"https:\/\/www.lesmaconsdelacreuse.fr\/annuaires\/wp-json\/wp\/v2\/media?parent=12372"}],"wp:term":[{"taxonomy":"category","embeddable":true,"href":"https:\/\/www.lesmaconsdelacreuse.fr\/annuaires\/wp-json\/wp\/v2\/categories?post=12372"},{"taxonomy":"post_tag","embeddable":true,"href":"https:\/\/www.lesmaconsdelacreuse.fr\/annuaires\/wp-json\/wp\/v2\/tags?post=12372"}],"curies":[{"name":"wp","href":"https:\/\/api.w.org\/{rel}","templated":true}]}}