{"id":12380,"date":"2019-07-28T16:14:10","date_gmt":"2019-07-28T14:14:10","guid":{"rendered":"http:\/\/lesmaconsdelacreuse.fr\/annuaire\/?p=12380"},"modified":"2020-01-20T11:23:54","modified_gmt":"2020-01-20T10:23:54","slug":"t_204","status":"publish","type":"post","link":"https:\/\/www.lesmaconsdelacreuse.fr\/annuaires\/lettre-t\/t_204\/","title":{"rendered":"THOMAS Jean (1734-entre 1800 et 1803)"},"content":{"rendered":"<p class=\"last-updated\"><strong>Mis \u00e0 jour le :<\/strong> 29\/04\/2026<\/p><h2 style=\"text-align: center;\"><strong>Jean THOMAS<\/strong><\/h2>\n<p style=\"text-align: center;\"><strong>1734 \u2013 entre 1800 et 1803<\/strong><\/p>\n<p style=\"text-align: center;\"><img decoding=\"async\" title=\"\" src=\"https:\/\/lesmaconsdelacreuse.fr\/annuaire\/wp-content\/uploads\/2019\/07\/image1-2947.jpg\" alt=\"\" data-asset-id=\"12379\" data-source-id=\"i.0\" \/><\/p>\n<h4 style=\"text-align: center;\"><span style=\"color: #008000;\"><strong>ma\u00e7on<\/strong><\/span><\/h4>\n<p style=\"text-align: center;\">n\u00e9 Le Feix (Roy\u00e8re)<\/p>\n<p style=\"text-align: center;\">le 13 octobre 1734<\/p>\n<p style=\"text-align: center;\">fils de<\/p>\n<p style=\"text-align: center;\">Jean THOMAS \/ Blaisie NOTTE<\/p>\n<p style=\"text-align: center;\"><span style=\"color: #ffffff;\">\u25d9<\/span><\/p>\n<p><em>Jean \u00e9pouse Th\u00e9r\u00e8se <\/em><strong>PERN\u00c8GRE<\/strong><em> le 2 mars <\/em><strong>1767<\/strong> <em>\u00e0 Roy\u00e8re (contrat Coutisson). Ils habitent Haute-Faye.<\/em><\/p>\n<p><em> Th\u00e9r\u00e8se y d\u00e9c\u00e8de veuve le 29 germinal an XI (19 avril <\/em><strong>1803<\/strong><em>), \u00e2g\u00e9e de 51 ans.<\/em><\/p>\n","protected":false},"excerpt":{"rendered":"<p>Mis \u00e0 jour le : 29\/04\/2026Jean THOMAS 1734 \u2013 entre 1800 et 1803 ma\u00e7on n\u00e9 Le Feix (Roy\u00e8re) le 13 octobre 1734 fils de Jean THOMAS \/ Blaisie NOTTE \u25d9 Jean \u00e9pouse Th\u00e9r\u00e8se PERN\u00c8GRE le 2 mars 1767 \u00e0 Roy\u00e8re (contrat Coutisson). Ils habitent Haute-Faye. Th\u00e9r\u00e8se y d\u00e9c\u00e8de veuve le 29 germinal an XI (19 ..<\/p>\n<div class=\"clear-fix\"><\/div>\n<p><a href=\"https:\/\/www.lesmaconsdelacreuse.fr\/annuaires\/lettre-t\/t_204\/\" title=\"Lire la suite...\">Lire la suite<\/a><\/p>\n","protected":false},"author":2,"featured_media":0,"comment_status":"closed","ping_status":"closed","sticky":false,"template":"","format":"standard","meta":{"_acf_changed":false,"_exactmetrics_skip_tracking":false,"_exactmetrics_sitenote_active":false,"_exactmetrics_sitenote_note":"","_exactmetrics_sitenote_category":0,"footnotes":""},"categories":[13],"tags":[],"class_list":["post-12380","post","type-post","status-publish","format-standard","hentry","category-lettre-t"],"acf":[],"_links":{"self":[{"href":"https:\/\/www.lesmaconsdelacreuse.fr\/annuaires\/wp-json\/wp\/v2\/posts\/12380","targetHints":{"allow":["GET"]}}],"collection":[{"href":"https:\/\/www.lesmaconsdelacreuse.fr\/annuaires\/wp-json\/wp\/v2\/posts"}],"about":[{"href":"https:\/\/www.lesmaconsdelacreuse.fr\/annuaires\/wp-json\/wp\/v2\/types\/post"}],"author":[{"embeddable":true,"href":"https:\/\/www.lesmaconsdelacreuse.fr\/annuaires\/wp-json\/wp\/v2\/users\/2"}],"replies":[{"embeddable":true,"href":"https:\/\/www.lesmaconsdelacreuse.fr\/annuaires\/wp-json\/wp\/v2\/comments?post=12380"}],"version-history":[{"count":0,"href":"https:\/\/www.lesmaconsdelacreuse.fr\/annuaires\/wp-json\/wp\/v2\/posts\/12380\/revisions"}],"wp:attachment":[{"href":"https:\/\/www.lesmaconsdelacreuse.fr\/annuaires\/wp-json\/wp\/v2\/media?parent=12380"}],"wp:term":[{"taxonomy":"category","embeddable":true,"href":"https:\/\/www.lesmaconsdelacreuse.fr\/annuaires\/wp-json\/wp\/v2\/categories?post=12380"},{"taxonomy":"post_tag","embeddable":true,"href":"https:\/\/www.lesmaconsdelacreuse.fr\/annuaires\/wp-json\/wp\/v2\/tags?post=12380"}],"curies":[{"name":"wp","href":"https:\/\/api.w.org\/{rel}","templated":true}]}}